{
    "title": "Une nouvelle \u00e9tude met en \u00e9vidence l'angle mort structurel des droits de l'enfant dans le syst\u00e8me p\u00e9nitentiaire ",
    "modified_at": "2026-04-28 10:05:30",
    "published_at": "2026-04-28 10:32:00",
    "url": "https://press.vub.ac.be/une-nouvelle-etude-met-en-evidence-langle-mort-structurel-des-droits-de-lenfant-dans-le-systeme-penitentiaire",
    "short_url": "http://prez.ly/RPDd",
    "culture": "fr_BE",
    "language": "FR",
    "subtitle": "Des milliers d'enfants en Belgique subissent les cons\u00e9quences invisibles de la d\u00e9tention d'un parent ",
    "slug": "une-nouvelle-etude-met-en-evidence-langle-mort-structurel-des-droits-de-lenfant-dans-le-systeme-penitentiaire",
    "body": "<p style=\"text-align: left\"><strong>Bruxelles, 28 avril 2026 - Chaque ann&eacute;e en Belgique, on estime que 17 000 enfants grandissent avec un parent en d&eacute;tention. Pourtant, ces enfants restent largement invisibles dans les politiques, la justice et les pratiques p&eacute;nitentiaires. C&#039;est ce qui ressort d&#039;une r&eacute;cente recherche universitaire men&eacute;e par Joyce Albrecht, An-Sofie Vanhouche et Bart Claes de l&#039;Universit&eacute; libre de Bruxelles (VUB) sur la position des enfants de parents d&eacute;tenus au sein du syst&egrave;me de d&eacute;tention belge. L&#039;&eacute;tude montre que les droits fondamentaux des enfants de parents d&eacute;tenus sont peu pris en compte pendant la d&eacute;tention, malgr&eacute; leur impact g&eacute;n&eacute;ralement &eacute;lev&eacute;. </strong></p><p style=\"text-align: left\"><strong>La diversit&eacute; des besoins n&eacute;cessite des approches adapt&eacute;es</strong> </p><p style=\"text-align: left\">Les enfants dont l&#039;un des parents est d&eacute;tenu sont confront&eacute;s &agrave; toute une s&eacute;rie de difficult&eacute;s. Ils peuvent &ecirc;tre confront&eacute;s &agrave; la stigmatisation, &agrave; la peur et &agrave; des &eacute;motions intenses, ainsi qu&#039;&agrave; des difficult&eacute;s scolaires ou &agrave; l&#039;isolement social. En m&ecirc;me temps, beaucoup de ces enfants font preuve d&#039;une r&eacute;silience remarquable. </p><p style=\"text-align: left\">Leurs besoins diff&egrave;rent selon leur situation. Certains ont besoin d&#039;un contact avec leurs parents, d&#039;autres ont besoin de figures de soutien, d&#039;informations claires ou simplement d&#039;intimit&eacute;. Selon l&#039;&eacute;tude, ces besoins sont &eacute;troitement li&eacute;s &agrave; l&#039;exercice des droits fondamentaux de l&#039;enfant, qui sont souvent mis &agrave; l&#039;&eacute;preuve dans ce contexte. </p><p style=\"text-align: left\"><strong> Joyce Albrecht</strong>, chercheuse, explique : &quot;Les enfants ont des besoins divers et souvent complexes, car il n&#039;y a pas deux situations identiques. Une approche standard ne suffit pas : il faut un large &eacute;ventail de mesures de soutien qui peuvent &ecirc;tre d&eacute;ploy&eacute;es avec souplesse et sur mesure. Et il est au moins aussi important que leurs droits fondamentaux soient respect&eacute;s&quot;. </p><p style=\"text-align: left\"><strong>Les droits de l&#039;enfant ne sont pas suffisamment ancr&eacute;s dans les structures</strong> </p><p style=\"text-align: left\">La Belgique a ratifi&eacute; la Convention des Nations unies relative aux droits de l&#039;enfant, qui stipule notamment que les enfants ne doivent pas subir de pr&eacute;judice du fait des actes de leurs parents, que l&#039;int&eacute;r&ecirc;t sup&eacute;rieur de l&#039;enfant doit &ecirc;tre une consid&eacute;ration primordiale, que les enfants ont le droit d&#039;entretenir des relations personnelles avec leurs parents et qu&#039;ils doivent &ecirc;tre entendus dans les d&eacute;cisions qui les concernent. Pourtant, l&#039;analyse montre que ces droits ne sont pas syst&eacute;matiquement int&eacute;gr&eacute;s dans les politiques de justice p&eacute;nale et p&eacute;nitentiaire. Par exemple, les enfants ne sont pas structurellement pris en compte dans la d&eacute;termination de la peine, sont rarement entendus directement sur les mesures affectant leur vie familiale et sont indirectement affect&eacute;s par des d&eacute;cisions telles que les transferts ou les sanctions &agrave; l&#039;encontre du parent. Ils sont g&eacute;n&eacute;ralement consid&eacute;r&eacute;s comme des b&eacute;n&eacute;ficiaires des droits du parent incarc&eacute;r&eacute;, et non comme des d&eacute;tenteurs de droits autonomes. </p><p style=\"text-align: left\"><strong>De fortes diff&eacute;rences entre les prisons</strong> </p><p style=\"text-align: left\">L&#039;&eacute;tude montre &eacute;galement qu&#039;en pratique, il existe de grandes diff&eacute;rences entre les prisons. Le soutien et le contact avec le parent sont organis&eacute;s de mani&egrave;re in&eacute;gale : chaque institution adopte sa propre approche et propose des offres parent-enfant diff&eacute;rentes. Par exemple, la convivialit&eacute; des parloirs pour les enfants varie consid&eacute;rablement, le conseil familial n&#039;est disponible que dans un nombre limit&eacute; de prisons, et l&#039;acc&egrave;s aux contacts et au soutien n&#039;est pas accessible ou abordable de la m&ecirc;me mani&egrave;re pour tous les enfants. </p><p style=\"text-align: left\">Bien que les p&egrave;res puissent l&eacute;galement avoir de jeunes enfants avec eux pendant la d&eacute;tention, il n&#039;existe en pratique que des unit&eacute;s m&egrave;re-enfant. Cela confirme les st&eacute;r&eacute;otypes sexistes implicites en mati&egrave;re de prise en charge. En outre, l&#039;autre parent ou les structures d&#039;accueil agissent souvent comme des gardiens, sans toujours tenir compte des souhaits de l&#039;enfant. En cons&eacute;quence, les contacts entre les p&egrave;res et les enfants peuvent &ecirc;tre compliqu&eacute;s ou, s&#039;ils sont souhait&eacute;s, ne pas &ecirc;tre r&eacute;tablis. Cela limite consid&eacute;rablement les possibilit&eacute;s pour les enfants de maintenir une relation &eacute;troite avec leur p&egrave;re d&eacute;tenu. </p><p style=\"text-align: left\"><strong>Les directives europ&eacute;ennes ne sont que partiellement appliqu&eacute;es</strong> </p><p style=\"text-align: left\">En 2018, le Conseil de l&#039;Europe a formul&eacute; des recommandations pour mieux prendre en compte les droits des enfants de d&eacute;tenus, comme le placement plus proche du lieu de vie des enfants, des environnements de visite adapt&eacute;s aux enfants, la formation du personnel et des alternatives &agrave; la d&eacute;tention pour les parents principaux. L&#039;&eacute;tude conclut que ces lignes directrices ne sont appliqu&eacute;es que de mani&egrave;re in&eacute;gale et limit&eacute;e en Belgique. </p><p style=\"text-align: left\"><strong>Joyce Albrecht</strong><em>: &quot;Notre conclusion est claire : l&#039;impact de la d&eacute;tention sur les enfants est encore trop souvent per&ccedil;u comme un effet secondaire in&eacute;vitable, alors qu&#039;il s&#039;agit en r&eacute;alit&eacute; d&#039;un manque structurel d&#039;information, de soutien et d&#039;orientation. Il est donc imp&eacute;ratif d&#039;int&eacute;grer syst&eacute;matiquement les droits de l&#039;enfant dans la d&eacute;termination de la peine, les d&eacute;cisions de transfert, les politiques de visite et l&#039;ex&eacute;cution de la peine. Les enfants ne sont pas des &#039;figures marginales&#039; mais un groupe explicite de d&eacute;tenteurs de droits au sein des politiques de justice&quot;.</em> </p><p style=\"text-align: left\"><strong>Plus d&#039;informations : </strong></p><p style=\"text-align: left\">Joyce Albrecht, VUB : +32 474 60 81 67 </p><p style=\"text-align: left\"><a href=\"https://www.buitenfamilies.com/\" target=\"_blank\" rel=\"noreferrer noopener\"><u>www.buitenfamilies.com</u></a> </p><p style=\"text-align: left\"><a href=\"https://www.universiteitvanvlaanderen.be/podcast\" target=\"_blank\" rel=\"noreferrer noopener\"><u>https://www.universiteitvanvlaanderen.be/podcast</u></a> </p><hr /><p style=\"text-align: left\">&nbsp;</p><div class=\"release-content-contact\" id=\"contact-d564157d-a473-459e-8cb3-b0408ee6fe7f\">\n    <div class=\"release-content-contact__avatar\"><img src=\"https://cdn.uc.assets.prezly.com/04a86a6b-12da-469d-8343-3416cccd3328/-/crop/1366x1366/0,183/-/preview/-/scale_crop/128x128/center/-/format/auto/\" alt=\"Tineke Sonck\" class=\"release-content-contact__avatar-image\" /></div>\n    <div class=\"release-content-contact__details\">\n        <strong class=\"release-content-contact__name\">Tineke Sonck</strong>\n        <em class=\"release-content-contact__description\">Woordvoerder</em>\n        <ul class=\"release-content-contact__details-list\"><li class=\"release-content-contact__details-list-item\"><a href=\"mailto:Tineke.Sonck@vub.be\"  class=\"release-content-contact__details-list-item-link\" title=\"Tineke.Sonck@vub.be\"><svg class=\"icon icon-paper-plane release-content-contact__details-list-item-icon\">\n                <use xlink:href=\"#icon-paper-plane\"></use>\n            </svg>Tineke.Sonck@vub.be</a></li>\n<li class=\"release-content-contact__details-list-item\"><a href=\"tel:+32 473 96 73 51\"  class=\"release-content-contact__details-list-item-link\" title=\"+32 473 96 73 51\"><svg class=\"icon icon-mobile release-content-contact__details-list-item-icon\">\n                <use xlink:href=\"#icon-mobile\"></use>\n            </svg>+32 473 96 73 51</a></li></ul>\n    </div>\n</div><p>&nbsp;</p><p><br>\u200b<br>\u200b</p><p>&nbsp;</p><p>&nbsp;</p>",
    "mainvisual": {
        "thumbnail": "https://cdn.uc.assets.prezly.com/2c572d5c-eb8e-4d64-91b5-fb52f03b1e1b/-/scale_crop/250x250/center/-/format/auto/",
        "large": "https://cdn.uc.assets.prezly.com/2c572d5c-eb8e-4d64-91b5-fb52f03b1e1b/-/preview/500x500/-/format/auto/",
        "original": "https://cdn.uc.assets.prezly.com/2c572d5c-eb8e-4d64-91b5-fb52f03b1e1b/"
    },
    "header": {
        "large": "https://cdn.uc.assets.prezly.com/5534977c-fdb0-42f7-827b-fd0c213fcb0f/-/format/auto/",
        "release": "https://cdn.uc.assets.prezly.com/5534977c-fdb0-42f7-827b-fd0c213fcb0f/-/format/auto/"
    },
    "contacts": [
        {
            "name": "Tineke Sonck",
            "company": null,
            "description": "Woordvoerder",
            "email": "Tineke.Sonck@vub.be",
            "website": null,
            "address": null,
            "telephone": null,
            "mobile": "+32 473 96 73 51",
            "twitter": null,
            "facebook": null
        }
    ],
    "author": {
        "first_name": "Leen",
        "last_name": "Vandevelde"
    },
    "format_version": 5
}