{
    "title": "Une \u00e9tude de la VUB r\u00e9v\u00e8le ce que pense la premi\u00e8re g\u00e9n\u00e9ration de migrants marocains et turcs en Belgique sur la planification anticip\u00e9e des soins ainsi que les obstacles aux discussions sur le sujet",
    "modified_at": "2024-07-16 14:30:07",
    "published_at": "2024-07-16 14:30:00",
    "url": "https://press.vub.ac.be/une-etude-de-la-vub-revele-ce-que-pense-la-premiere-generation-de-migrants-marocains-et-turcs-en-belgique-sur-la-planification-anticipee-des-soins-ainsi-que-les-obstacles-aux-discussions-sur-le-sujet",
    "short_url": "http://prez.ly/zCPc",
    "culture": "fr_BE",
    "language": "FR",
    "slug": "une-etude-de-la-vub-revele-ce-que-pense-la-premiere-generation-de-migrants-marocains-et-turcs-en-belgique-sur-la-planification-anticipee-des-soins-ainsi-que-les-obstacles-aux-discussions-sur-le-sujet",
    "body": "<p><strong>Quelle est l&rsquo;opinion de la premi&egrave;re g&eacute;n&eacute;ration de migrants marocains et turcs arriv&eacute;s en Belgique dans les ann&eacute;es&nbsp;60 et 70 sur la planification anticip&eacute;e des soins&nbsp;? L&rsquo;envie de r&eacute;pondre &agrave; cette question a pouss&eacute; Hakki Demirkapu, membre de l&rsquo;unit&eacute; de recherche M&eacute;decine g&eacute;n&eacute;rale et Soins chroniques de la Vrije Universiteit Brussel (VUB), &agrave; mener une &eacute;tude approfondie sur le sujet.</strong></p><blockquote><em>&laquo;&nbsp;Je souhaitais comprendre et analyser la vision de ce groupe de population sur la planification anticip&eacute;e des soins. Quels facteurs incitent les membres de ce groupe &agrave; s&rsquo;engager ou &agrave; ne pas s&rsquo;engager dans ce processus de planification&nbsp;? Pour r&eacute;pondre &agrave; cette question, nous avons notamment examin&eacute; le r&ocirc;le de la famille, car cette derni&egrave;re occupe une place importante au sein de ces communaut&eacute;s&nbsp;&raquo;,</em> explique Hakki Demirkapu. <em>&laquo;&nbsp;Nous avons &eacute;t&eacute; surpris de d&eacute;couvrir que c&rsquo;est surtout la barri&egrave;re linguistique qui freine les discussions sur des sujets sensibles tels que la planification anticip&eacute;e des soins. Afin de surmonter cet obstacle, nous avons r&eacute;alis&eacute; les entretiens dans la langue maternelle des personnes interrog&eacute;es.&nbsp;&raquo;</em></blockquote><p>Hakki Demirkapu, qui parle le turc, a pu compter sur l&rsquo;aide d&rsquo;une coll&egrave;gue parlant l&rsquo;arabe marocain. </p><blockquote><em>&ldquo;&laquo;&nbsp;Notre approche nous a souvent permis d&rsquo;avoir une conversation profonde et remplie d&rsquo;&eacute;motions avec les r&eacute;pondants, mais &eacute;galement d&rsquo;obtenir leur avis d&eacute;taill&eacute;. Outre la barri&egrave;re linguistique, nous avons constat&eacute; plusieurs obstacles, notamment un manque de connaissances sur la planification anticip&eacute;e des soins chez les personnes interrog&eacute;es, la peur de prendre de mauvaises d&eacute;cisions &agrave; cause de leur illettrisme, un manque d&rsquo;organisation ou encore le fait que la maladie et la mort constituent des sujets tabous. Les prestataires de soins supposent souvent &agrave; tort que les membres de la famille d&rsquo;une personne &acirc;g&eacute;e prennent toutes les d&eacute;cisions ou que cette derni&egrave;re n&rsquo;a pas besoin de planifier ses soins de fa&ccedil;on anticip&eacute;e. Lorsqu&rsquo;elles sont bien inform&eacute;es, de nombreuses personnes &acirc;g&eacute;es sont au contraire ouvertes &agrave; des discussions sur leurs souhaits en mati&egrave;re de soins&nbsp;&raquo;</em>, note Hakki Demirkapu.</blockquote><p>Au d&eacute;but des entretiens, beaucoup de personnes &acirc;g&eacute;es, surtout celles d&rsquo;origine marocaine, estimaient que la planification anticip&eacute;e des soins &eacute;tait inutile, et ce, pour des raisons religieuses. Cependant, apr&egrave;s avoir re&ccedil;u des informations d&eacute;taill&eacute;es dans leur langue maternelle, la plupart ont chang&eacute; d&rsquo;avis. </p><blockquote><em>&laquo;&nbsp;Il est clairement n&eacute;cessaire de mettre en place des campagnes de sensibilisation ainsi que des programmes &eacute;ducatifs sur la planification anticip&eacute;e des soins qui visent en particulier les personnes &acirc;g&eacute;es issues de l&rsquo;immigration. C&rsquo;est pourquoi nous sommes en train de cr&eacute;er un mat&eacute;riel vid&eacute;o dans la langue maternelle de ce groupe de population ainsi que des outils faciles &agrave; comprendre comme des pictogrammes et des jeux de cartes. Ces supports pourront &ecirc;tre utilis&eacute;s lors de soir&eacute;es d&rsquo;information en collaboration avec les associations culturelles, les personnes consid&eacute;r&eacute;es comme des mod&egrave;les au sein de ces communaut&eacute;s et les dirigeants religieux. Ces outils pratiques pourront inciter les personnes &acirc;g&eacute;es &agrave; parler de leur fin de vie et aider les prestataires de soins &agrave; faciliter les discussions sur la planification anticip&eacute;e des soins&nbsp;&raquo;</em>, conclut Hakki Demirkapu.</blockquote><hr /><p><strong>Contact</strong></p><p>D<sup>r</sup> Hakki Demirkapu<br>\u200bChercheur au sein de l&rsquo;unit&eacute; M&eacute;decine g&eacute;n&eacute;rale de la VUB<br>\u200b<a href=\"mailto:Hakki.demirkapu@vub.be\">Hakki.demirkapu@vub.be</a><br>\u200b0470122451</p><div class=\"release-content-contact\" id=\"contact-262cd1f8-64d1-4df3-80ab-0943bd3654e3\">\n    <div class=\"release-content-contact__avatar\"><img src=\"https://cdn.uc.assets.prezly.com/96e3692f-39a4-433b-b0ee-9008befa578f/-/crop/1117x1118/419,0/-/preview/-/scale_crop/128x128/center/-/format/auto/\" alt=\"Koen Stein\" class=\"release-content-contact__avatar-image\" /></div>\n    <div class=\"release-content-contact__details\">\n        <strong class=\"release-content-contact__name\">Koen Stein</strong>\n        <em class=\"release-content-contact__description\">Perscontact wetenschap &amp; onderzoek</em>\n        <ul class=\"release-content-contact__details-list\"><li class=\"release-content-contact__details-list-item\"><a href=\"mailto:koen.stein@vub.be\"  class=\"release-content-contact__details-list-item-link\" title=\"koen.stein@vub.be\"><svg class=\"icon icon-paper-plane release-content-contact__details-list-item-icon\">\n                <use xlink:href=\"#icon-paper-plane\"></use>\n            </svg>koen.stein@vub.be</a></li>\n<li class=\"release-content-contact__details-list-item\"><a href=\"tel:+32 (0)471517909\"  class=\"release-content-contact__details-list-item-link\" title=\"+32 (0)471517909\"><svg class=\"icon icon-mobile release-content-contact__details-list-item-icon\">\n                <use xlink:href=\"#icon-mobile\"></use>\n            </svg>+32 (0)471517909</a></li>\n<li class=\"release-content-contact__details-list-item\"><a href=\"https://vub.be\" target=\"_blank\" rel=\"noopener noreferrer\" class=\"release-content-contact__details-list-item-link\" title=\"vub.be\"><svg class=\"icon icon-browser release-content-contact__details-list-item-icon\">\n                <use xlink:href=\"#icon-browser\"></use>\n            </svg>vub.be</a></li></ul>\n    </div>\n</div><p>&nbsp;</p>",
    "mainvisual": {
        "thumbnail": "https://cdn.uc.assets.prezly.com/f724848b-81d9-4fd3-b0d6-45c34305f9e3/-/scale_crop/250x250/center/-/format/auto/",
        "large": "https://cdn.uc.assets.prezly.com/f724848b-81d9-4fd3-b0d6-45c34305f9e3/-/preview/500x500/-/format/auto/",
        "original": "https://cdn.uc.assets.prezly.com/f724848b-81d9-4fd3-b0d6-45c34305f9e3/"
    },
    "header": {
        "large": "https://cdn.uc.assets.prezly.com/aaa2238a-2ac5-4bed-82b8-55a8ad42d7fe/-/format/auto/",
        "release": "https://cdn.uc.assets.prezly.com/aaa2238a-2ac5-4bed-82b8-55a8ad42d7fe/-/format/auto/"
    },
    "contacts": [
        {
            "name": "Koen Stein",
            "company": null,
            "description": "Perscontact wetenschap & onderzoek",
            "email": "koen.stein@vub.be",
            "website": "https://vub.be",
            "address": null,
            "telephone": null,
            "mobile": "+32 (0)471517909",
            "twitter": null,
            "facebook": null
        }
    ],
    "author": {
        "first_name": "Sam",
        "last_name": "Jaspers"
    },
    "format_version": 5
}