{
    "title": "L\u2019impact simultan\u00e9 d\u2019\u00e9v\u00e8nements climatiques extr\u00eames pourrait devenir la nouvelle norme\u00a0",
    "modified_at": "2025-05-26 09:29:05",
    "published_at": "2025-06-05 11:23:00",
    "url": "https://press.vub.ac.be/limpact-simultane-devenements-climatiques-extremes-pourrait-devenir-la-nouvelle-norme",
    "short_url": "http://prez.ly/Zgmd",
    "culture": "fr_BE",
    "language": "FR",
    "subtitle": "Les d\u00e9fis d\u2019une nouvelle r\u00e9alit\u00e9 climatique\u00a0",
    "slug": "limpact-simultane-devenements-climatiques-extremes-pourrait-devenir-la-nouvelle-norme",
    "body": "<p><strong>Les vagues de chaleur, les s&eacute;cheresses et les incendies dans les for&ecirc;ts et les zones naturelles sont quelques-uns des &eacute;v&egrave;nements climatiques extr&ecirc;mes qui devraient non seulement devenir plus fr&eacute;quents, mais aussi se produire de plus en plus souvent en m&ecirc;me temps. C&#039;est ce qui ressort d&#039;une nouvelle &eacute;tude men&eacute;e par l&#039;universit&eacute; d&#039;Uppsala, dans laquelle des chercheurs ont cartographi&eacute; l&#039;impact du changement climatique dans diff&eacute;rentes r&eacute;gions du monde.</strong>&nbsp;</p><p>Dans une nouvelle &eacute;tude publi&eacute;e dans la revue <em>Earth&#039;s Future</em>, des chercheurs de la Vrije Universiteit Brussel (VUB), d&#039;universit&eacute;s su&eacute;doises, fran&ccedil;aises et allemandes ont montr&eacute; que, dans un avenir proche, plusieurs r&eacute;gions du monde ne seront plus seulement touch&eacute;es par des &eacute;v&eacute;nements climatiques isol&eacute;s. Au contraire, des &eacute;v&eacute;nements climatiques distincts se produiront simultan&eacute;ment ou en succession rapide.&nbsp;</p><p>&quot;Nous savons depuis longtemps, par exemple, qu&#039;il y aura davantage de vagues de chaleur, d&#039;incendies de for&ecirc;t et de s&eacute;cheresses graves dans de nombreuses r&eacute;gions, ce qui n&#039;est pas une surprise en soi. Ce qui nous a surpris, c&#039;est que l&#039;augmentation est si importante que nous assistons &agrave; un changement de paradigme &eacute;vident, la co&iuml;ncidence de plusieurs &eacute;v&eacute;nements extr&ecirc;mes devenant la nouvelle norme&quot;, explique le professeur Gabriele Messori, de l&#039;universit&eacute; d&#039;Uppsala, principal auteur de l&#039;&eacute;tude.&nbsp;</p><p>L&#039;utilisation de mod&egrave;les pour pr&eacute;dire notre climat futur (temp&eacute;ratures, pr&eacute;cipitations, vents, etc.) est une m&eacute;thode courante dans la recherche sur le climat. R&eacute;cemment, les chercheurs sont all&eacute;s plus loin en introduisant ces donn&eacute;es dans des mod&egrave;les suppl&eacute;mentaires qui fournissent des informations sur l&#039;impact concret sur la soci&eacute;t&eacute;. En calculant l&#039;effet du changement climatique sur, par exemple, le risque d&#039;incendies dans les for&ecirc;ts et les zones naturelles ou le risque d&#039;inondation, on a une id&eacute;e plus claire de la mani&egrave;re dont les diff&eacute;rentes r&eacute;gions du monde pourraient &ecirc;tre r&eacute;ellement affect&eacute;es. &quot;Apr&egrave;s un premier test dans la r&eacute;gion de l&#039;Afrique de l&#039;Est, nous avons appliqu&eacute; cette analyse &agrave; l&#039;&eacute;chelle mondiale et regard&eacute; de plus pr&egrave;s ce qui se passera entre 2050 et 2099. Nous nous int&eacute;ressons plus particuli&egrave;rement &agrave; six types d&#039;&eacute;v&eacute;nements climatiques: les inondations, les s&eacute;cheresses, les vagues de chaleur, les incendies dans les for&ecirc;ts et les zones naturelles, les cyclones tropicaux et les mauvaises r&eacute;coltes. Ce que nous voyons est un r&eacute;sultat tr&egrave;s inqui&eacute;tant de la co-occurrence d&#039;&eacute;venements extr&ecirc;mes dans le monde entier&quot;, d&eacute;clare Derrick Muheki, chercheur doctorant &agrave; la VUB et co-auteur de l&#039;&eacute;tude.&nbsp;</p><p><strong>Vagues de chaleur et incendies dans les for&ecirc;ts et les zones naturelles: une caract&eacute;ristique r&eacute;currente</strong>&nbsp;</p><p>L&#039;&eacute;tude montre que les combinaisons de vagues de chaleur et d&rsquo; incendies dans les for&ecirc;ts et les zones naturelles augmenteront fortement dans presque toutes les r&eacute;gions du monde, sauf l&agrave; o&ugrave; il n&#039;y a pas de v&eacute;g&eacute;tation, comme dans le Sahara. Les vagues de chaleur et les s&eacute;cheresses seront r&eacute;currentes dans des r&eacute;gions telles que la r&eacute;gion m&eacute;diterran&eacute;enne et l&#039;Am&eacute;rique latine. Les r&eacute;gions qui connaissent aujourd&#039;hui g&eacute;n&eacute;ralement des &eacute;v&eacute;nements climatiques isol&eacute;s, comme les pays nordiques, seront &eacute;galement plus fr&eacute;quemment touch&eacute;es par une combinaison de vagues de chaleur et d&rsquo;incendies.&nbsp;</p><p>&quot;L&#039;&eacute;t&eacute; 2018 en Europe du Nord a &eacute;t&eacute; caract&eacute;ris&eacute; par des temp&eacute;ratures exceptionnellement &eacute;lev&eacute;es et des incendies de for&ecirc;t g&eacute;n&eacute;ralis&eacute;s - ce qui, &agrave; l&#039;&eacute;poque, a &eacute;t&eacute; consid&eacute;r&eacute; comme un &eacute;v&eacute;nement exceptionnel. Dans quelques d&eacute;cennies, ce ne sera peut-&ecirc;tre plus aussi inhabituel&quot;, explique M. Messori.&nbsp;</p><p>L&#039;analyse des chercheurs couvre plusieurs sc&eacute;narios d&#039;&eacute;missions possibles. Toutefois, l&#039;accent est mis sur un sc&eacute;nario moyennement &eacute;lev&eacute;, qui est consid&eacute;r&eacute; comme r&eacute;aliste compte tenu des tendances actuelles en mati&egrave;re d&#039;&eacute;missions.&nbsp;</p><p>&quot;Nous observons ce changement important dans la co-occurrence des extr&ecirc;mes climatiques, m&ecirc;me dans des sc&eacute;narios relativement optimistes en termes de r&eacute;duction des &eacute;missions. Cela montre que nous devons nous pr&eacute;parer d&egrave;s aujourd&#039;hui &agrave; la nouvelle r&eacute;alit&eacute; climatique &agrave; laquelle nous serons confront&eacute;s &agrave; l&#039;avenir. &Agrave; l&#039;approche de la COP30 au Br&eacute;sil, cela souligne d&#039;autant plus l&#039;importance d&#039;une r&eacute;duction forte et rapide des &eacute;missions carbone mondiales, afin d&#039;all&eacute;ger le fardeau climatique qui p&egrave;se sur les jeunes g&eacute;n&eacute;rations et les g&eacute;n&eacute;rations futures.&rdquo; d&eacute;clare Wim Thiery, professeur de sciences du climat &agrave; la VUB et co-auteur de l&#039;&eacute;tude.&nbsp;&nbsp;</p><p>&nbsp;</p>\n    <figure\n        class=\"release-content-image release-content-image--contained release-content-image--align-center\"\n        data-component=\"image-zoom-popup\"\n        data-image-zoom-popup-selector=\".release-content-image__image\"\n        data-image-zoom-popup-i18n=\"data:application/json;base64,eyJEb3dubG9hZCI6IkRvd25sb2FkIn0=\"\n        data-image-zoom-popup-tracking-views-event=\"Story Image View\"\n        data-image-zoom-popup-tracking-download-event=\"Story Image Download\"\n        data-image-zoom-popup-placement=\"content\"\n    >\n        <div class=\"image-thumbnail-rollover\" style=\"width: 100%\">\n            <img\n                src=\"https://cdn.uc.assets.prezly.com/e725eb8e-08d1-4e56-8654-cc575235db42/-/format/auto/\"\n                                class=\"release-content-image__image image-thumbnail-rollover__image\"\n                data-description=\"&lt;em&gt;&lt;strong&gt;De plus en plus de r&amp;eacute;gions seront touch&amp;eacute;es simultan&amp;eacute;ment par plusieurs &amp;eacute;v&amp;eacute;nements climatiques extr&amp;ecirc;mes. Les couleurs bleues indiquent les r&amp;eacute;gions o&amp;ugrave; les &amp;eacute;v&amp;eacute;nements isol&amp;eacute;s sont les plus fr&amp;eacute;quents, tandis que les couleurs rouges indiquent les r&amp;eacute;gions o&amp;ugrave; les &amp;eacute;v&amp;eacute;nements simultan&amp;eacute;s ou en succession rapide sont les plus fr&amp;eacute;quents. Cr&amp;eacute;dit : Messori et al, 2025, Earth&amp;#039;s Future.&lt;/strong&gt;&lt;/em&gt;&amp;nbsp;\"\n                id=\"image-e725eb8e-08d1-4e56-8654-cc575235db42\"\n                data-id=\"e725eb8e-08d1-4e56-8654-cc575235db42\"\n                data-original=\"https://cdn.uc.assets.prezly.com/e725eb8e-08d1-4e56-8654-cc575235db42/-/inline/no/Untitled\"\n                data-mfp-src=\"https://cdn.uc.assets.prezly.com/e725eb8e-08d1-4e56-8654-cc575235db42/-/format/auto/\"\n                alt=\"De plus en plus de r\u00e9gions seront touch\u00e9es simultan\u00e9ment par plusieurs \u00e9v\u00e9nements climatiques extr\u00eames. Les couleurs bleues indiquent les r\u00e9gions o\u00f9 les \u00e9v\u00e9nements isol\u00e9s sont les plus fr\u00e9quents, tandis que les couleurs rouges indiquent les r\u00e9gions o\u00f9 les \u00e9v\u00e9nements simultan\u00e9s ou en succession rapide sont les plus fr\u00e9quents. Cr\u00e9dit : Messori et al, 2025, Earth's Future. \u00a0\"\n            />\n            <div class=\"image-thumbnail-rollover__caption\">\n                <svg class=\"icon icon-expand image-thumbnail-rollover__caption-icon\">\n                <use xlink:href=\"#icon-expand\"></use>\n            </svg>            </div>\n        </div>\n\n        <figcaption class=\"release-content-image__caption\"><em><strong>De plus en plus de r&eacute;gions seront touch&eacute;es simultan&eacute;ment par plusieurs &eacute;v&eacute;nements climatiques extr&ecirc;mes. Les couleurs bleues indiquent les r&eacute;gions o&ugrave; les &eacute;v&eacute;nements isol&eacute;s sont les plus fr&eacute;quents, tandis que les couleurs rouges indiquent les r&eacute;gions o&ugrave; les &eacute;v&eacute;nements simultan&eacute;s ou en succession rapide sont les plus fr&eacute;quents. Cr&eacute;dit : Messori et al, 2025, Earth&#039;s Future.</strong></em>&nbsp;</figcaption>\n    </figure>\n<p>&nbsp;</p><p><strong>Source:</strong></p><p>Messori, G., Muheki, D., Batibeniz, F., Bevacqua, E., Suarez\u2010Gutierrez, L., &amp; Thiery, W. (2025). Global mapping of concurrent hazards and impacts associated with climate extremes under climate change. Earth&#039;s Future, 13, e2025EF006325. <a href=\"https://doi.org/10.1029/2025EF006325\" target=\"_blank\" rel=\"noreferrer noopener\"><u>https://doi.org/10.1029/2025EF006325</u></a>&nbsp;</p><hr /><p><strong>Contact&nbsp;</strong>&nbsp;</p><p>Prof. Dr. Wim Thiery:<strong> </strong><a href=\"mailto:wim.thiery@vub.be\" target=\"_blank\" rel=\"noreferrer noopener\"><u>wim.thiery@vub.be</u></a>&nbsp;+32 2 629 30 29&nbsp;</p><p><a href=\"https://bsky.app/profile/wimthiery.bsky.social\" target=\"_blank\" rel=\"noreferrer noopener\"><u>https://bsky.app/profile/wimthiery.bsky.social</u></a>&nbsp;</p><p>Dr. Marie Cavitte&nbsp;<a href=\"mailto:marie.cavitte@vub.be\" target=\"_blank\" rel=\"noreferrer noopener\"><u>marie.cavitte@vub.be</u></a> &nbsp;+32 470 19 24 15&nbsp;</p><p>&nbsp;</p><div class=\"release-content-contact\" id=\"contact-fb599c12-c360-483f-bf95-d7859983b5c6\">\n    <div class=\"release-content-contact__avatar\"><img src=\"https://cdn.uc.assets.prezly.com/96e3692f-39a4-433b-b0ee-9008befa578f/-/crop/1117x1118/419,0/-/preview/-/scale_crop/128x128/center/-/format/auto/\" alt=\"Koen Stein\" class=\"release-content-contact__avatar-image\" /></div>\n    <div class=\"release-content-contact__details\">\n        <strong class=\"release-content-contact__name\">Koen Stein</strong>\n        <em class=\"release-content-contact__description\">Perscontact wetenschap &amp; onderzoek</em>\n        <ul class=\"release-content-contact__details-list\"><li class=\"release-content-contact__details-list-item\"><a href=\"mailto:koen.stein@vub.be\"  class=\"release-content-contact__details-list-item-link\" title=\"koen.stein@vub.be\"><svg class=\"icon icon-paper-plane release-content-contact__details-list-item-icon\">\n                <use xlink:href=\"#icon-paper-plane\"></use>\n            </svg>koen.stein@vub.be</a></li>\n<li class=\"release-content-contact__details-list-item\"><a href=\"tel:+32 (0)471517909\"  class=\"release-content-contact__details-list-item-link\" title=\"+32 (0)471517909\"><svg class=\"icon icon-mobile release-content-contact__details-list-item-icon\">\n                <use xlink:href=\"#icon-mobile\"></use>\n            </svg>+32 (0)471517909</a></li>\n<li class=\"release-content-contact__details-list-item\"><a href=\"https://vub.be\" target=\"_blank\" rel=\"noopener noreferrer\" class=\"release-content-contact__details-list-item-link\" title=\"vub.be\"><svg class=\"icon icon-browser release-content-contact__details-list-item-icon\">\n                <use xlink:href=\"#icon-browser\"></use>\n            </svg>vub.be</a></li></ul>\n    </div>\n</div><p>&nbsp;</p><p>&nbsp;</p><p>&nbsp;</p><p>&nbsp;</p>",
    "mainvisual": {
        "thumbnail": "https://cdn.uc.assets.prezly.com/7d940fe3-8412-40c3-a6e5-e0aa22780bd3/-/scale_crop/250x250/center/-/format/auto/",
        "large": "https://cdn.uc.assets.prezly.com/7d940fe3-8412-40c3-a6e5-e0aa22780bd3/-/preview/500x500/-/format/auto/",
        "original": "https://cdn.uc.assets.prezly.com/7d940fe3-8412-40c3-a6e5-e0aa22780bd3/"
    },
    "header": {
        "large": "https://cdn.uc.assets.prezly.com/edee7f8b-d230-469c-b742-74bb2d69afa2/-/preview/1200x1200/-/format/auto/",
        "release": "https://cdn.uc.assets.prezly.com/edee7f8b-d230-469c-b742-74bb2d69afa2/-/preview/1200x1200/-/format/auto/"
    },
    "images": [
        {
            "caption": "De plus en plus de r\u00e9gions seront touch\u00e9es simultan\u00e9ment par plusieurs \u00e9v\u00e9nements climatiques extr\u00eames. Les couleurs bleues indiquent les r\u00e9gions o\u00f9 les \u00e9v\u00e9nements isol\u00e9s sont les plus fr\u00e9quents, tandis que les couleurs rouges indiquent les r\u00e9gions o\u00f9 les \u00e9v\u00e9nements simultan\u00e9s ou en succession rapide sont les plus fr\u00e9quents. Cr\u00e9dit : Messori et al, 2025, Earth's Future. \u00a0",
            "original": "https://cdn.uc.assets.prezly.com/e725eb8e-08d1-4e56-8654-cc575235db42/",
            "medium": "https://cdn.uc.assets.prezly.com/e725eb8e-08d1-4e56-8654-cc575235db42/-/preview/500x500/-/format/auto/",
            "small": "https://cdn.uc.assets.prezly.com/e725eb8e-08d1-4e56-8654-cc575235db42/-/preview/200x200/-/format/auto/",
            "thumbnail": "https://cdn.uc.assets.prezly.com/e725eb8e-08d1-4e56-8654-cc575235db42/-/preview/100x100/-/format/auto/",
            "square": "https://cdn.uc.assets.prezly.com/e725eb8e-08d1-4e56-8654-cc575235db42/-/scale_crop/200x200/center/-/format/auto/",
            "squaresmall": "https://cdn.uc.assets.prezly.com/e725eb8e-08d1-4e56-8654-cc575235db42/-/scale_crop/58x58/center/-/format/auto/"
        }
    ],
    "contacts": [
        {
            "name": "Koen Stein",
            "company": null,
            "description": "Perscontact wetenschap & onderzoek",
            "email": "koen.stein@vub.be",
            "website": "https://vub.be",
            "address": null,
            "telephone": null,
            "mobile": "+32 (0)471517909",
            "twitter": null,
            "facebook": null
        }
    ],
    "author": {
        "first_name": "Koen",
        "last_name": "Stein"
    },
    "format_version": 5
}