{
    "title": "L'image de Bruxelles comme lieu de vie est soit tr\u00e8s positive, soit tr\u00e8s n\u00e9gative",
    "modified_at": "2022-10-04 09:36:35",
    "published_at": "2022-10-04 09:36:35",
    "url": "https://press.vub.ac.be/limage-de-bruxelles-comme-lieu-de-vie-est-soit-tres-positive-soit-tres-negative",
    "short_url": "http://prez.ly/gAkc",
    "culture": "fr_BE",
    "language": "FR",
    "subtitle": "Ville sale, dangereuse et agit\u00e9e ou ville agr\u00e9able, verte et culturelle",
    "slug": "limage-de-bruxelles-comme-lieu-de-vie-est-soit-tres-positive-soit-tres-negative",
    "body": "<p><strong>La revue <em>Cities</em>, qui fait autorit&eacute; en la mati&egrave;re, a publi&eacute; <a href=\"http://www.sciencedirect.com/science/article/abs/pii/S026427512200258X\">un article</a> sur la perception de Bruxelles comme lieu de vie. Pour cette &eacute;tude de la VUB, des chercheurs en sciences de la communication du groupe de recherche ECHO, les professeurs Joke Bauwens et Pascal Verhoest, ont travaill&eacute; avec le sociologue Petrus te Braak du groupe de recherche TOR. Ils ont &eacute;tudi&eacute; le lien entre la perception de Bruxelles comme lieu de vie et l&#39;exode urbain. L&#39;article paru dans <em>Cities</em> r&eacute;v&egrave;le que les perceptions de Bruxelles en tant que ville o&ugrave; habiter sont tr&egrave;s polaris&eacute;es. L&rsquo;&laquo;&nbsp;analyse de r&eacute;sonance&nbsp;&raquo; men&eacute;e aupr&egrave;s de 1&nbsp;056&nbsp;personnes montre que l&#39;image que les Bruxellois et les anciens Bruxellois ont de leur ville en tant que lieu de vie pr&eacute;dit leur comportement en mati&egrave;re de d&eacute;m&eacute;nagement de mani&egrave;re statistiquement significative, en plus d&#39;indicateurs connus tels que le revenu et la composition de la famille. </strong></p>\n<blockquote><p>&laquo;&nbsp;D&#39;un c&ocirc;t&eacute;, nous avons des personnes qui voient Bruxelles comme une ville sale, agit&eacute;e et dangereuse et qui per&ccedil;oivent son aspect cosmopolite de mani&egrave;re n&eacute;gative. De l&#39;autre , nous trouvons des personnes qui consid&egrave;rent Bruxelles comme une ville agr&eacute;able et verte et l&#39;appr&eacute;cient comme lieu de vie en raison de son caract&egrave;re multiculturel et de son offre culturelle diversifi&eacute;e&nbsp;&raquo;, explique Joke Bauwens.</p></blockquote>\n<p>Les auteurs ont d&eacute;velopp&eacute; une nouvelle m&eacute;thode de recherche pour cette &eacute;tude, l&#39;analyse de r&eacute;sonance. Les chercheurs ont baptis&eacute; ainsi cette m&eacute;thode, car elle permet de cartographier de mani&egrave;re sch&eacute;matique la r&eacute;sonance mentale d&#39;une exp&eacute;rience, d&#39;un sujet ou d&#39;un message m&eacute;diatique. L&#39;analyse statistique permet de d&eacute;terminer dans quelle mesure des sch&eacute;mas de pens&eacute;e similaires sont partag&eacute;s par des groupes de personnes plus vastes. Cette recherche forme un diptyque avec une &eacute;tude sur la perception de Bruxelles comme lieu de vie dans la presse n&eacute;erlandophone et francophone. Cette recherche a d&eacute;j&agrave; &eacute;t&eacute; publi&eacute;e dans <em>Brussels Studies</em>.</p>\n<h2><strong>Les m&eacute;dias renforcent la polarisation</strong></h2>\n<p>Les chercheurs ont &eacute;galement retrouv&eacute; cette image polaris&eacute;e de Bruxelles en tant que cadre de vie dans une analyse de contenu comprenant un total de 800&nbsp;articles portant sur le th&egrave;me de la vie &agrave; Bruxelles. L&#39;analyse inclut aussi bien la presse francophone que n&eacute;erlandophone. Soit les journaux d&eacute;crivent Bruxelles comme une ville dynamique dot&eacute;e d&#39;une vie sociale et culturelle riche, soit ils la d&eacute;peignent comme une ville o&ugrave; la criminalit&eacute; et les probl&egrave;mes multiculturels sont end&eacute;miques.</p>\n<blockquote><p>&laquo;&nbsp;Nous voyons m&ecirc;me ces images positives et n&eacute;gatives revenir dans un seul et m&ecirc;me journal. Les journaux de qualit&eacute; s&rsquo;int&eacute;ressent davantage &agrave; la fa&ccedil;on dont la gestion de la ville influe sur la qualit&eacute; du cadre de vie, tant au sens positif que n&eacute;gatif. Les journaux plus populaires s&rsquo;y attardent nettement moins et rapportent davantage ce qui se passe sans aborder les questions de gouvernance, les solutions et les mesures&nbsp;&raquo;, indique Joke Bauwens.</p></blockquote>\n<p>Liens vers les articles&nbsp;:</p>\n<p>Cities - <a href=\"https://www.sciencedirect.com/science/article/abs/pii/S026427512200258X\" style=\"color:#0563c1; text-decoration:underline\">https://www.sciencedirect.com/science/article/abs/pii/S026427512200258X</a></p>\n<p>Brussels Studies - https://journals.openedition.org/brussels/6155</p>\n<p>&nbsp;</p>\n<p>Contact&nbsp;:</p>\n<p>Joke Bauwens, VUB - Sciences de la communication - groupe de recherche ECHO</p>\n<p>Courriel&nbsp;: <a href=\"mailto:joke.bauwens@vub.be\" style=\"color:#0563c1; text-decoration:underline\">joke.bauwens@vub.be</a></p>\n<p>T&eacute;l&nbsp;: 0472 29 10 10</p>\n<p>&nbsp;</p>\n<p>Pascal Verhoest, VUB - Sciences de la communication - Groupe de recherche ECHO</p>\n<p>Courriel&nbsp;: <a href=\"mailto:pascal.verhoest@vub.be\" style=\"color:#0563c1; text-decoration:underline\">pascal.verhoest@vub.be</a></p>\n<p>T&eacute;l&nbsp;: 0478 77 08 46</p>\n<p>&nbsp;</p>\n<p>Petrus te Braak, VUB - Sociologie - groupe de recherche TOR</p>\n<p>T&eacute;l&nbsp;: 0471 08 36 25</p>",
    "header": {
        "large": "https://cdn.uc.assets.prezly.com/d715c021-60cd-41ef-9325-6377f846a334/-/format/auto/",
        "release": "https://cdn.uc.assets.prezly.com/d715c021-60cd-41ef-9325-6377f846a334/-/format/auto/"
    },
    "images": [
        {
            "caption": "",
            "original": "https://cdn.uc.assets.prezly.com/06593397-308c-4064-aae8-8dc52ea5ec86/",
            "medium": "https://cdn.uc.assets.prezly.com/06593397-308c-4064-aae8-8dc52ea5ec86/-/preview/500x500/-/format/auto/",
            "small": "https://cdn.uc.assets.prezly.com/06593397-308c-4064-aae8-8dc52ea5ec86/-/preview/200x200/-/format/auto/",
            "thumbnail": "https://cdn.uc.assets.prezly.com/06593397-308c-4064-aae8-8dc52ea5ec86/-/preview/100x100/-/format/auto/",
            "square": "https://cdn.uc.assets.prezly.com/06593397-308c-4064-aae8-8dc52ea5ec86/-/scale_crop/200x200/center/-/format/auto/",
            "squaresmall": "https://cdn.uc.assets.prezly.com/06593397-308c-4064-aae8-8dc52ea5ec86/-/scale_crop/58x58/center/-/format/auto/"
        }
    ],
    "contacts": [
        {
            "name": "Lies Feron",
            "company": null,
            "description": "Perscontact wetenschap en onderzoek (werkt op ma - di - do)",
            "email": "lies.feron@vub.be",
            "website": "http://www.vub.be",
            "address": null,
            "telephone": "+32 2 629 11 38",
            "mobile": "+32 484 59 05 50",
            "twitter": null,
            "facebook": null
        }
    ],
    "author": {
        "first_name": "Lies",
        "last_name": "Feron"
    },
    "format_version": 1
}