{
    "title": "La VUB d\u00e9veloppe la prochaine g\u00e9n\u00e9ration d\u2019imagerie m\u00e9dicale fluorescente",
    "modified_at": "2023-11-08 09:08:57",
    "published_at": "2023-11-07 14:36:00",
    "url": "https://press.vub.ac.be/la-vub-developpe-la-prochaine-generation-dimagerie-medicale-fluorescente",
    "short_url": "http://prez.ly/1UAc",
    "culture": "fr_BE",
    "language": "FR",
    "slug": "la-vub-developpe-la-prochaine-generation-dimagerie-medicale-fluorescente",
    "body": "<p>Les chercheurs de la VUB Maarten Kuijk et Hans Ingelberts dirigent le consortium europ&eacute;en international CoDaFlight (Colouring the dark in fluorescent light), visant &agrave; poser les fondements de l&rsquo;emploi de la dur&eacute;e de vie de fluorescence en imagerie en cas d&rsquo;interventions m&eacute;dicales, comme la chirurgie guid&eacute;e par imagerie et la surveillance des processus associ&eacute;s aux maladies. Ce projet repose sur un nouveau type de cam&eacute;ra capable de capturer la dur&eacute;e de vie de la fluorescence afin de caract&eacute;riser les tissus in situ. Jusqu&rsquo;&agrave; pr&eacute;sent, l&rsquo;imagerie de fluorescence proche infrarouge est principalement une technique utilis&eacute;e dans la recherche, mais elle peut &ecirc;tre employ&eacute;e pour visualiser en temps r&eacute;el des processus dans le corps. Les chercheurs du projet CoDaFlight tentent d&eacute;sormais d&rsquo;obtenir des informations en temps r&eacute;el sur des zones du corps humain que l&rsquo;imagerie m&eacute;dicale actuelle ne permet pas encore de visualiser de mani&egrave;re ad&eacute;quate. &Agrave; terme, le projet d&eacute;bouchera sur un nouvel outil de diagnostic qui pourra &ecirc;tre utilis&eacute; pendant les op&eacute;rations et d&rsquo;autres interventions m&eacute;dicales.</p><p>Dans une premi&egrave;re phase, l&rsquo;&eacute;quipe a d&eacute;j&agrave; cr&eacute;&eacute; un instrument conceptuel sur la base d&rsquo;un capteur innovant d&eacute;velopp&eacute; &agrave; la VUB par Hans Ingelberts. Les nouvelles possibilit&eacute;s qu&rsquo;offrira cet outil &agrave; terme soul&egrave;vent l&rsquo;enthousiasme de l&rsquo;&eacute;quipe.</p><blockquote><em>&laquo;&nbsp;Dans le cadre du projet CoDaFlight, nous voulons convertir la technologie en un instrument et poursuivre les tests dans un environnement pr&eacute;clinique&nbsp;&raquo;</em>, explique Hans Ingelberts. <em>&laquo;&nbsp;Le consortium rassemblera des scientifiques ainsi que des partenaires selon une approche pluridisciplinaire et holistique, qui m&egrave;neront des recherches &agrave; la fois parall&egrave;les et int&eacute;gr&eacute;es</em>. <em>Cela couvre de nombreux domaines, du d&eacute;veloppement de capteurs d&rsquo;images &agrave; semi-conducteur aux mod&egrave;les et algorithmes, en passant par les agents de contraste fluorescents&nbsp;&raquo;.</em></blockquote><blockquote><em>&laquo;&nbsp;Une des principales t&acirc;ches dans le projet CoDaFlight est la validation pr&eacute;clinique du nouveau concept d&rsquo;imagerie</em>. <em>&Agrave; cette fin, la collaboration avec la Prof</em>. <em>Sophie Hernot, chercheuse principale de la core facility pour l&rsquo;imagerie mol&eacute;culaire de la VUB, est essentielle</em>. <em>Nous visons &agrave; d&eacute;montrer et documenter que le concept fait ses preuves pour les probl&egrave;mes cliniques en oncologie et en dermatologie&nbsp;&raquo;, </em>souligne Rik van Heijningen, responsable de projet &agrave; la VUB. <em>&laquo;&nbsp;Les r&eacute;sultats de ces &eacute;tudes contribueront &agrave; l&rsquo;utilisation judicieuse de cette technologie d&rsquo;imagerie innovante pour traiter des maladies dans la pratique m&eacute;dicale, par exemple en rendant les cellules canc&eacute;reuses plus visibles, ainsi que d&rsquo;autres changements physiologiques tels que les variations du pH et la teneur en oxyg&egrave;ne des tissus</em>. <em>Par la suite, d&rsquo;autres applications biom&eacute;dicales pourront &ecirc;tre d&eacute;velopp&eacute;es avec des cliniciens&nbsp;&raquo;.</em></blockquote><p>Gr&acirc;ce &agrave; son vaste potentiel, le projet CoDaFlight mobilise des scientifiques en &eacute;lectronique et en photonique, des ing&eacute;nieurs en logiciel et en biom&eacute;decine, des physiciens, des chimistes, des scientifiques m&eacute;dicaux et des m&eacute;decins, chacun avec ses domaines d&rsquo;expertise compl&eacute;mentaires. Ce projet rassemble au total cinq partenaires europ&eacute;ens&nbsp;: l&rsquo;universit&eacute; allemande de G&ouml;ttingen avec la Prof. Frauke Alves, la fondation grecque FORTH avec le Dr Giannis Zacharakis, l&rsquo;universit&eacute; fran&ccedil;aise de Bourgogne avec le Prof. Franck Denat, l&rsquo;universit&eacute; norv&eacute;gienne de Bergen avec le Prof. Emmet Mc Cormack et la Vrije Universiteit Brussel (VUB) avec le Prof. Maarten Kuijk et le Dr Hans Ingelberts en qualit&eacute; de coordinateur de projet et la Prof. Sophie Hernot pour la validation pr&eacute;clinique.</p><p>L&rsquo;UE a allou&eacute; 3&nbsp;millions d&rsquo;euros au projet dans le cadre du programme HORIZON-EIC-2021-PATHFINDEROPEN. L&rsquo;EISMEA (agence europ&eacute;enne) implant&eacute;e &agrave; Bruxelles prendra la direction du projet.</p>\n    <figure\n        class=\"release-content-image release-content-image--contained release-content-image--align-center\"\n        data-component=\"image-zoom-popup\"\n        data-image-zoom-popup-selector=\".release-content-image__image\"\n        data-image-zoom-popup-i18n=\"data:application/json;base64,eyJEb3dubG9hZCI6IkRvd25sb2FkIn0=\"\n        data-image-zoom-popup-tracking-views-event=\"Story Image View\"\n        data-image-zoom-popup-tracking-download-event=\"Story Image Download\"\n        data-image-zoom-popup-placement=\"content\"\n    >\n        <div class=\"image-thumbnail-rollover\" style=\"width: 100%\">\n            <img\n                src=\"https://cdn.uc.assets.prezly.com/aae65dda-42a7-43a0-b688-b8141ae0f96e/-/format/auto/\"\n                                class=\"release-content-image__image image-thumbnail-rollover__image\"\n                data-description=\"de gauche &amp;agrave; droite : Sophie Hernot, Sevada Sahakian, Thomas Van Den Dries, Maarten Kuijk, Pooria Iranian, Theo Lepoutte, Laurens Raes, Rik van Heijningen, Hans Ingelberts, Thomas Lapauw en Marc Stroet.\"\n                id=\"image-aae65dda-42a7-43a0-b688-b8141ae0f96e\"\n                data-id=\"aae65dda-42a7-43a0-b688-b8141ae0f96e\"\n                data-original=\"https://cdn.uc.assets.prezly.com/aae65dda-42a7-43a0-b688-b8141ae0f96e/-/inline/no/emim_codaflight_group_pic_v3.png\"\n                data-mfp-src=\"https://cdn.uc.assets.prezly.com/aae65dda-42a7-43a0-b688-b8141ae0f96e/-/format/auto/\"\n                alt=\"de gauche \u00e0 droite : Sophie Hernot, Sevada Sahakian, Thomas Van Den Dries, Maarten Kuijk, Pooria Iranian, Theo Lepoutte, Laurens Raes, Rik van Heijningen, Hans Ingelberts, Thomas Lapauw en Marc Stroet.\"\n            />\n            <div class=\"image-thumbnail-rollover__caption\">\n                <svg class=\"icon icon-expand image-thumbnail-rollover__caption-icon\">\n                <use xlink:href=\"#icon-expand\"></use>\n            </svg>            </div>\n        </div>\n\n        <figcaption class=\"release-content-image__caption\">de gauche &agrave; droite : Sophie Hernot, Sevada Sahakian, Thomas Van Den Dries, Maarten Kuijk, Pooria Iranian, Theo Lepoutte, Laurens Raes, Rik van Heijningen, Hans Ingelberts, Thomas Lapauw en Marc Stroet.</figcaption>\n    </figure>\n<p>&nbsp;</p><hr /><p>Contact&nbsp;: Rik van Heijningen&nbsp;: <a href=\"mailto:rik.van.heijningen@vub.be\">rik.van.heijningen@vub.be</a> T&eacute;l.&nbsp;: +31&nbsp;651&nbsp;55&nbsp;06&nbsp;76</p><p>&nbsp;</p>",
    "mainvisual": {
        "thumbnail": "https://cdn.uc.assets.prezly.com/ecf1942e-96ba-4175-8c9d-ef91a4a2f794/-/scale_crop/250x250/center/-/format/auto/",
        "large": "https://cdn.uc.assets.prezly.com/ecf1942e-96ba-4175-8c9d-ef91a4a2f794/-/preview/500x500/-/format/auto/",
        "original": "https://cdn.uc.assets.prezly.com/ecf1942e-96ba-4175-8c9d-ef91a4a2f794/"
    },
    "header": {
        "large": "https://cdn.uc.assets.prezly.com/71ec87ea-3077-44a7-b8d8-557a0ddfc2fb/-/format/auto/",
        "release": "https://cdn.uc.assets.prezly.com/71ec87ea-3077-44a7-b8d8-557a0ddfc2fb/-/format/auto/"
    },
    "images": [
        {
            "caption": "de gauche \u00e0 droite : Sophie Hernot, Sevada Sahakian, Thomas Van Den Dries, Maarten Kuijk, Pooria Iranian, Theo Lepoutte, Laurens Raes, Rik van Heijningen, Hans Ingelberts, Thomas Lapauw en Marc Stroet.",
            "original": "https://cdn.uc.assets.prezly.com/aae65dda-42a7-43a0-b688-b8141ae0f96e/",
            "medium": "https://cdn.uc.assets.prezly.com/aae65dda-42a7-43a0-b688-b8141ae0f96e/-/preview/500x500/-/format/auto/",
            "small": "https://cdn.uc.assets.prezly.com/aae65dda-42a7-43a0-b688-b8141ae0f96e/-/preview/200x200/-/format/auto/",
            "thumbnail": "https://cdn.uc.assets.prezly.com/aae65dda-42a7-43a0-b688-b8141ae0f96e/-/preview/100x100/-/format/auto/",
            "square": "https://cdn.uc.assets.prezly.com/aae65dda-42a7-43a0-b688-b8141ae0f96e/-/scale_crop/200x200/center/-/format/auto/",
            "squaresmall": "https://cdn.uc.assets.prezly.com/aae65dda-42a7-43a0-b688-b8141ae0f96e/-/scale_crop/58x58/center/-/format/auto/"
        }
    ],
    "author": {
        "first_name": "Sam",
        "last_name": "Jaspers"
    },
    "format_version": 5
}