{
    "title": "\u00c9nergie \u00e9olienne et solaire pour que les lampes restent allum\u00e9es en \u00c9quateur ",
    "modified_at": "2026-04-07 11:00:03",
    "published_at": "2026-04-07 11:51:00",
    "url": "https://press.vub.ac.be/energie-eolienne-et-solaire-pour-que-les-lampes-restent-allumees-en-equateur",
    "short_url": "http://prez.ly/XxAd",
    "culture": "fr_BE",
    "language": "FR",
    "slug": "energie-eolienne-et-solaire-pour-que-les-lampes-restent-allumees-en-equateur",
    "body": "<p style=\"text-align: justify\"><strong>Des chercheurs de la Vrije Universiteit Brussel (VUB) et de l&rsquo;universit&eacute; &eacute;quatorienne Yachay Tech sont parvenus &agrave; une conclusion surprenante : l&rsquo;&eacute;nergie &eacute;olienne et solaire, souvent critiqu&eacute;es pour leur impr&eacute;visibilit&eacute; et leur d&eacute;pendance des conditions m&eacute;t&eacute;orologiques, pourraient en r&eacute;alit&eacute; rendre l&rsquo;approvisionnement en &eacute;lectricit&eacute; de l&rsquo;&Eacute;quateur beaucoup plus fiable. Actuellement, cet approvisionnement repose sur de grandes centrales hydro&eacute;lectriques. Au cours des derni&egrave;res d&eacute;cennies, de plus en plus de barrages ont &eacute;t&eacute; construits : la production d&rsquo;&eacute;lectricit&eacute; a augment&eacute; et l&rsquo;&eacute;conomie s&rsquo;est d&eacute;velopp&eacute;e. Mais les choses ont chang&eacute; ces derni&egrave;res ann&eacute;es. Le niveau d&rsquo;eau des r&eacute;servoirs avait commenc&eacute; &agrave; baisser en 2023 en raison d&rsquo;une saison des pluies faible. Les pr&eacute;cipitations &eacute;taient encore plus faibles en 2024, ce qui a entra&icirc;n&eacute; l&rsquo;&eacute;puisement quasi total des r&eacute;servoirs. </strong></p><p style=\"text-align: justify\">Pr&eacute;cipitamment, le pays a d&ucirc; acheter diesel et gaz suppl&eacute;mentaires comme sources d&rsquo;&eacute;nergie alternatives, mais cela n&rsquo;a pas suffi. Durant des mois, les &Eacute;quatoriens ont d&ucirc; supporter des coupures d&rsquo;&eacute;lectricit&eacute; de plus de 12 heures par jour. L&rsquo;&eacute;conomie a subi d&rsquo;&eacute;normes dommages lors de la crise &eacute;nerg&eacute;tique. D&rsquo;apr&egrave;s des t&eacute;moins, de nombreux &Eacute;quatoriens partageaient le sentiment d&rsquo;&ecirc;tre &laquo; revenus au XVIIIe si&egrave;cle &raquo;. La cause de la catastrophe &eacute;tait claire : une d&eacute;pendance excessive de l&rsquo;hydro&eacute;lectricit&eacute;, mise sous pression par les s&eacute;cheresses croissantes dues au changement climatique. </p><p style=\"text-align: justify\">&laquo; En ce qui concerne l&rsquo;&eacute;nergie &eacute;olienne et solaire, il est vrai que leur production peut varier consid&eacute;rablement d&rsquo;un jour &agrave; l&rsquo;autre &raquo;, explique le professeur Sebastian Sterl (VUB), auteur principal de l&rsquo;&eacute;tude. &laquo; Mais ce n&rsquo;est pas le cas au niveau saisonnier. Certains mois de l&rsquo;ann&eacute;e sont toujours plus venteux que d&rsquo;autres, tout comme certains mois sont toujours plus ensoleill&eacute;s que d&rsquo;autres. Ces profils se r&eacute;p&egrave;tent chaque ann&eacute;e, contrairement &agrave; la saison des pluies, qui peut parfois faire d&eacute;faut. &raquo; Si des parcs &eacute;oliens et solaires &eacute;taient construits &agrave; grande &eacute;chelle, ces sources d&rsquo;&eacute;nergie renouvelable aideraient &agrave; adapter la gestion des r&eacute;servoirs et &agrave; mieux supporter les p&eacute;riodes de s&eacute;cheresse. </p><p style=\"text-align: justify\">&laquo; L&rsquo;&Eacute;quateur pourrait remplir plus rapidement ses barrages pendant les mois les plus venteux et ensoleill&eacute;s, car le pays aurait alors moins besoin d&rsquo;hydro&eacute;lectricit&eacute; pour r&eacute;pondre &agrave; la demande &raquo;, explique Tinne Mast (VUB), coll&egrave;gue de Sterl et co-auteure de l&rsquo;&eacute;tude. &laquo; Lors des ann&eacute;es tr&egrave;s s&egrave;ches, cela pourrait &eacute;viter un sc&eacute;nario catastrophe. Au lieu d&rsquo;&eacute;puiser les r&eacute;servoirs jusqu&rsquo;&agrave; la derni&egrave;re goutte, on utiliserait l&rsquo;&eacute;nergie &eacute;olienne et solaire pour compenser les saisons d&eacute;ficitaires en pluie. &raquo; \u200b </p><p style=\"text-align: justify\">En d&rsquo;autres termes, le vent et le soleil prolongeraient la disponibilit&eacute; de l&rsquo;&eacute;nergie hydro&eacute;lectrique. &Agrave; l&rsquo;aide de mod&egrave;les &eacute;nerg&eacute;tiques, les chercheurs montrent que le d&eacute;veloppement des parcs &eacute;oliens et solaires pourrait en grande partie &eacute;viter une r&eacute;p&eacute;tition de la crise &eacute;nerg&eacute;tique &eacute;quatorienne de 2024. Pour cela, il faudrait installer une puissance d&rsquo;environ 500 m&eacute;gawatts, tant pour l&rsquo;&eacute;olien que pour le solaire. &Agrave; titre de comparaison, la plus grande centrale hydro&eacute;lectrique d&rsquo;&Eacute;quateur est dot&eacute;e d&rsquo;une capacit&eacute; de 1 500 m&eacute;gawatts. Gr&acirc;ce aux synergies entre l&rsquo;&eacute;nergie &eacute;olienne, solaire et hydraulique, le d&eacute;ficit de production pendant les ann&eacute;es de s&eacute;cheresse extr&ecirc;me pourrait &ecirc;tre r&eacute;duit de 90 %, sans que l&rsquo;&Eacute;quateur n&rsquo;ait &agrave; importer une seule goutte de carburant. </p><p style=\"text-align: justify\"><strong>Un approvisionnement d&rsquo;&eacute;lectricit&eacute; r&eacute;silient pour l&rsquo;&Eacute;quateur</strong> </p><p style=\"text-align: justify\">L&rsquo;&eacute;nergie &eacute;olienne et solaire augmentent non seulement la production moyenne d&rsquo;&eacute;lectricit&eacute;, mais &eacute;galement la puissance pendant les pics de consommation lors des ann&eacute;es s&egrave;ches. Il s&rsquo;agit d&rsquo;une d&eacute;couverte surprenante, car normalement, l&rsquo;&eacute;olien et le solaire ne contribuent gu&egrave;re &agrave; la puissance de pointe, &eacute;tant donn&eacute; qu&rsquo;il est impossible de garantir qu&rsquo;il y aura du vent ou du soleil &agrave; ces moments-l&agrave;. &laquo; Ce qu&rsquo;il est possible de garantir, c&rsquo;est que les r&eacute;servoirs seront mieux remplis gr&acirc;ce &agrave; leur interaction avec l&rsquo;&eacute;nergie &eacute;olienne et solaire &raquo;, explique Sterl. &laquo; Cela &eacute;vite que les centrales hydro&eacute;lectriques soient mises hors service &agrave; cause d&rsquo;un niveau d&rsquo;eau trop bas, et leur puissance de pointe n&rsquo;est donc plus perdue pendant les s&eacute;cheresses extr&ecirc;mes. &raquo; </p><p style=\"text-align: justify\">Selon l&rsquo;&eacute;quipe de recherche, une telle strat&eacute;gie de r&eacute;silience pourrait servir d&rsquo;exemple &agrave; d&rsquo;autres pays fortement d&eacute;pendants de l&rsquo;hydro&eacute;lectricit&eacute;. &laquo; En Am&eacute;rique latine, cette strat&eacute;gie s&rsquo;av&egrave;re tr&egrave;s pertinente &raquo;, explique le professeur Luis E. Pineda de Yachay Tech, &eacute;galement coauteur de l&rsquo;&eacute;tude. &laquo; La Colombie, le Venezuela, le Br&eacute;sil, le Paraguay, le Costa Rica... leur production d&rsquo;&eacute;lectricit&eacute; provient en grande partie de l&rsquo;hydro&eacute;lectricit&eacute; et est donc tr&egrave;s vuln&eacute;rable aux s&eacute;cheresses, un risque qui pourrait &ecirc;tre att&eacute;nu&eacute; en combinant l&#039;&eacute;nergie hydraulique avec l&#039;&eacute;nergie solaire et &eacute;olienne. Mais ailleurs aussi, par exemple en Norv&egrave;ge, au Canada et en Chine, des p&eacute;riodes de s&eacute;cheresse ont entra&icirc;n&eacute; des probl&egrave;mes &eacute;nerg&eacute;tiques pendant ces derni&egrave;res ann&eacute;es. &raquo; \u200b </p><p style=\"text-align: justify\">Compte tenu de l&rsquo;augmentation pr&eacute;vue de la fr&eacute;quence et de l&rsquo;intensit&eacute; des s&eacute;cheresses due au r&eacute;chauffement climatique, et dans le contexte d&rsquo;un ordre mondial g&eacute;opolitique de plus en plus instable, &eacute;viter des &laquo; achats d&rsquo;urgence &raquo; de combustibles fossiles durant une s&eacute;cheresse est &agrave; la fois un exemple de r&eacute;silience climatique ainsi que de s&eacute;curit&eacute; nationale. </p><p style=\"text-align: justify\">Les conclusions ont &eacute;t&eacute; publi&eacute;es dans la revue r&eacute;put&eacute;e <a href=\"https://www.nature.com/articles/s44221-026-00617-w\" target=\"_blank\" rel=\"noreferrer noopener\"><u><em>Nature Water</em></u></a> dans un article intitul&eacute; &laquo; <em>Variable renewables fortify Ecuador&rsquo;s power system against recurrences of drought-driven energy crises </em>&raquo;<em>.</em> </p><p style=\"text-align: justify\"> </p><p style=\"text-align: justify\"><strong>R&eacute;f&eacute;rence compl&egrave;te : </strong>Sterl, Pineda, Mast, Rodriguez, Mu&ntilde;oz, et Thiery, 2026, <em>Nature Water</em>, <a href=\"https://doi.org/10.1038/s44221-026-00617-w\" target=\"_blank\" rel=\"noreferrer noopener\"><u>https://doi.org/10.1038/s44221-026-00617-w.</u></a> </p><p style=\"text-align: justify\"> </p><p style=\"text-align: justify\"><strong>Contact :</strong> </p><p style=\"text-align: justify\"><strong>Auteur principal :</strong> Prof. Dr. Sebastian STERL </p><p style=\"text-align: justify\">Tel : +32 2 295 62 73 / +31 6 1737 5796 </p><p style=\"text-align: justify\">Email : <a href=\"mailto:sebastian.sterl@vub.be\" target=\"_blank\" rel=\"noreferrer noopener\"><u>sebastian.sterl@vub.be</u></a> </p><p style=\"text-align: justify\"> </p><p style=\"text-align: justify\"><strong>Charg&eacute;e de valorisation : </strong>Dr. Marie CAVITTE </p><p style=\"text-align: justify\">Tel : +32 470 19 24 15 </p><p style=\"text-align: justify\">Email : <a href=\"mailto:marie.cavitte@vub.be\" target=\"_blank\" rel=\"noreferrer noopener\"><u>marie.cavitte@vub.be</u></a> \u200b </p><p style=\"text-align: justify\"> </p><p>&nbsp;</p><hr /><div class=\"release-content-contact\" id=\"contact-07e6ec37-b802-425b-99cd-86fe619fe8d2\">\n    <div class=\"release-content-contact__avatar\"><img src=\"https://cdn.uc.assets.prezly.com/a90b37bb-f26c-499d-9d61-a5c0d25442a9/-/crop/3693x3693/923,0/-/preview/-/scale_crop/128x128/center/-/format/auto/\" alt=\"Frans Steenhoudt\" class=\"release-content-contact__avatar-image\" /></div>\n    <div class=\"release-content-contact__details\">\n        <strong class=\"release-content-contact__name\">Frans Steenhoudt</strong>\n        <em class=\"release-content-contact__description\">Perscontact wetenschap en onderzoek</em>\n        <ul class=\"release-content-contact__details-list\"><li class=\"release-content-contact__details-list-item\"><a href=\"mailto:frans.steenhoudt@vub.be\"  class=\"release-content-contact__details-list-item-link\" title=\"frans.steenhoudt@vub.be\"><svg class=\"icon icon-paper-plane release-content-contact__details-list-item-icon\">\n                <use xlink:href=\"#icon-paper-plane\"></use>\n            </svg>frans.steenhoudt@vub.be</a></li>\n<li class=\"release-content-contact__details-list-item\"><a href=\"tel:+32 4 75 68 64 69\"  class=\"release-content-contact__details-list-item-link\" title=\"+32 4 75 68 64 69\"><svg class=\"icon icon-mobile release-content-contact__details-list-item-icon\">\n                <use xlink:href=\"#icon-mobile\"></use>\n            </svg>+32 4 75 68 64 69</a></li>\n<li class=\"release-content-contact__details-list-item\"><a href=\"https://www.vub.be\" target=\"_blank\" rel=\"noopener noreferrer\" class=\"release-content-contact__details-list-item-link\" title=\"vub.be\"><svg class=\"icon icon-browser release-content-contact__details-list-item-icon\">\n                <use xlink:href=\"#icon-browser\"></use>\n            </svg>vub.be</a></li></ul>\n    </div>\n</div><p>&nbsp;</p>",
    "mainvisual": {
        "thumbnail": "https://cdn.uc.assets.prezly.com/40b4a960-f28a-4a98-abb5-22bd030c18bb/-/scale_crop/250x250/center/-/format/auto/",
        "large": "https://cdn.uc.assets.prezly.com/40b4a960-f28a-4a98-abb5-22bd030c18bb/-/preview/500x500/-/format/auto/",
        "original": "https://cdn.uc.assets.prezly.com/40b4a960-f28a-4a98-abb5-22bd030c18bb/"
    },
    "contacts": [
        {
            "name": "Frans Steenhoudt",
            "company": null,
            "description": "Perscontact wetenschap en onderzoek",
            "email": "frans.steenhoudt@vub.be",
            "website": "https://www.vub.be",
            "address": null,
            "telephone": null,
            "mobile": "+32 4 75 68 64 69",
            "twitter": null,
            "facebook": null
        }
    ],
    "author": {
        "first_name": "Leen",
        "last_name": "Vandevelde"
    },
    "format_version": 5
}