{
    "title": "Discrimination ethnique sur le march\u00e9 du logement locatif en Wallonie",
    "modified_at": "2020-11-06 08:40:11",
    "published_at": "2020-11-06 08:40:00",
    "url": "https://press.vub.ac.be/discrimination-ethnique-sur-le-marche-du-logement-locatif-en-wallonie",
    "short_url": "http://prez.ly/DX2b",
    "culture": "fr_BE",
    "language": "FR",
    "subtitle": "Candidats au nom marocaine 28% moins invit\u00e9s. Plus de discrimination sur le march\u00e9 priv\u00e9. Mons et Namur discriminent plus",
    "slug": "discrimination-ethnique-sur-le-marche-du-logement-locatif-en-wallonie",
    "body": "<p><strong>Le professeur Pieter-Paul Verhaeghe, sociologue &agrave; la Vrije Universiteit Brussel, a effectu&eacute; une recherche sur l&#39;occurrence de la discrimination ethnique sur le march&eacute; du logement locatif priv&eacute; en Wallonie en 2019. &Agrave; cette fin, il a effectu&eacute; 1.109 tests de correspondance aupr&egrave;s d&rsquo;agences immobili&egrave;res &agrave; Li&egrave;ge, Namur, Mons et Charleroi. Les r&eacute;sultats montrent que les candidats &agrave; la location ayant un nom &agrave; consonance marocaine sont nettement moins invit&eacute;s &agrave; visiter un bien que les candidats &agrave; la location ayant un nom &agrave; consonance belge. Les propri&eacute;taires priv&eacute;s sont nettement plus discriminatoires que les agents immobiliers. Le probl&egrave;me de la discrimination ethnique est particuli&egrave;rement grave &agrave; Mons et &agrave; Namur, et dans une moindre mesure &agrave; Charleroi et &agrave; Li&egrave;ge.</strong></p>\n<p>Contrairement &agrave; Bruxelles et &agrave; la Flandre, on sait encore tr&egrave;s peu de choses sur la discrimination sur le march&eacute; locatif en R&eacute;gion wallonne, c&#39;est pourquoi le professeur Verhaeghe a r&eacute;alis&eacute; en 2019 une recherche exploratoire sur l&#39;occurrence des discriminations sur le march&eacute; du logement locatif dans quatre villes wallonnes. &Agrave; cette fin, il a eu recours &agrave; des tests de correspondance, dans lesquels deux candidats &agrave; la location r&eacute;pondent &agrave; une annonce publi&eacute;e sur le site web Immoweb en contactant un agent immobilier ou un propri&eacute;taire priv&eacute;. Les deux candidats sont en tous points identiques, &agrave; l&#39;exception de l&#39;origine ethnique. Par exemple, l&rsquo;un des candidats avait un nom &agrave; consonance belge, et l&#39;autre un nom &agrave; consonance marocaine. Dans un second temps, on v&eacute;rifiait dans quelle mesure les deux candidats &eacute;taient invit&eacute;s &agrave; visiter le bien. &laquo;&nbsp;Les tests de correspondance sont une m&eacute;thode fiable et objective pour mesurer les comportements discriminatoires, car beaucoup de discriminations restent sous le radar si on se fie uniquement aux signalements des victimes&nbsp;&raquo;, explique le professeur Verhaeghe.</p>\n<p>Les r&eacute;sultats de la recherche montrent que les candidats ayant un nom &agrave; consonance marocaine sont discrimin&eacute;s dans 28% des cas en Wallonie par rapport aux candidats ayant un nom &agrave; consonance belge. Les agents immobiliers discriminent notablement moins que les propri&eacute;taires&nbsp;priv&eacute;s : 20&nbsp;% contre 43&nbsp;%. Cependant, il existe d&rsquo;importantes diff&eacute;rences entre les quatre villes &eacute;tudi&eacute;es. Le niveau de discrimination ethnique le plus &eacute;lev&eacute; a &eacute;t&eacute; observ&eacute; sur le march&eacute; du logement locatif de Mons (64 %), suivi de Namur (39 %) et de Charleroi (15 %). &Agrave; Li&egrave;ge, il n&#39;y avait pratiquement pas de discrimination &agrave; l&#39;&eacute;gard des candidats ayant un nom &agrave; consonance marocaine pendant la premi&egrave;re phase du processus de location (8 %). &Agrave; Mons et &agrave; Namur, les agents immobiliers comme les propri&eacute;taires discriminent, tandis qu&#39;&agrave; Charleroi, le probl&egrave;me concerne principalement les propri&eacute;taires priv&eacute;s. &laquo; Les niveaux de discrimination ethnique sont alarmants &agrave; Mons et &agrave; Namur, bien plus &eacute;lev&eacute;s qu&#39;&agrave; Bruxelles, Gand, Malines et m&ecirc;me Anvers&nbsp;&raquo;, explique le professeur Verhaeghe. &laquo;&nbsp;Nous soup&ccedil;onnons que la discrimination ethnique est encore plus importante lors des derni&egrave;res phases du processus de location.&nbsp;&raquo;</p>\n<p>Par analogie avec l&#39;&lsquo;approche gantoise&rsquo; contre la discrimination, le professeur Verhaeghe plaide en faveur d&#39;une combinaison de formation, de dialogue et de tests de correspondance acad&eacute;miques, juridiques et de sensibilisation proactifs, ainsi que d&#39;un mystery shopping contre la discrimination. Une &eacute;valuation r&eacute;cente montre que cette approche est efficace pour r&eacute;duire la discrimination ethnique.</p>\n<p>Il est en outre n&eacute;cessaire de poursuivre la recherche. &laquo;&nbsp;Dans cette &eacute;tude exploratoire, nous avons examin&eacute; uniquement la discrimination ethnique des candidats ayant un nom &agrave; consonance marocaine sur le march&eacute; du logement locatif &agrave; Li&egrave;ge, Mons, Charleroi et Namur, mais quelle est la situation dans les autres villes ou &agrave; la campagne&nbsp;? &raquo;, se demande Pieter-Paul Verhaeghe. &laquo;&nbsp;De plus, une recherche devrait &eacute;galement &ecirc;tre effectu&eacute;e sur la discrimination fond&eacute;e sur le handicap, la source des revenus et d&#39;autres origines ethniques, ainsi que lors des phases ult&eacute;rieures du processus de location.</p>\n<p>L&#39;&eacute;tude compl&egrave;te (en anglais) est disponible au t&eacute;l&eacute;chargement sur le site de Pieter-Paul Verhaeghe :</p>\n<p><a href=\"https://pieterpaulver.wordpress.com/\" style=\"color:#0563c1; text-decoration:underline\">https://pieterpaulver.wordpress.com/</a></p>\n<p><strong>Contact&nbsp;:</strong></p>\n<p>Interviews et questions en n&eacute;erlandais ou en anglais&nbsp;:</p>\n<p>Prof. Pieter-Paul Verhaeghe</p>\n<p><a href=\"mailto:Pieter-Paul.Verhaeghe@vub.be\" style=\"color:#0563c1; text-decoration:underline\">Pieter-Paul.Verhaeghe@vub.be</a></p>\n<p>+32&nbsp;473&nbsp;86 53 75</p>\n<p>&nbsp;</p>\n<p>Interviews et questions en fran&ccedil;ais&nbsp;:</p>\n<p>Dr Hannah Vermaut</p>\n<p><a href=\"mailto:Hannah.Vermaut@vub.be\" style=\"color:#0563c1; text-decoration:underline\">Hannah.Vermaut@vub.be</a></p>\n<p>+32&nbsp;498 67 67 10</p>",
    "header": {
        "large": "https://cdn.uc.assets.prezly.com/40abd860-3de3-4b69-98ff-94600dc14272/-/format/auto/",
        "release": "https://cdn.uc.assets.prezly.com/40abd860-3de3-4b69-98ff-94600dc14272/-/format/auto/"
    },
    "images": [
        {
            "caption": "",
            "original": "https://cdn.uc.assets.prezly.com/8da44ff5-6049-4ab2-af1d-1f12d17fa89b/",
            "medium": "https://cdn.uc.assets.prezly.com/8da44ff5-6049-4ab2-af1d-1f12d17fa89b/-/preview/500x500/-/format/auto/",
            "small": "https://cdn.uc.assets.prezly.com/8da44ff5-6049-4ab2-af1d-1f12d17fa89b/-/preview/200x200/-/format/auto/",
            "thumbnail": "https://cdn.uc.assets.prezly.com/8da44ff5-6049-4ab2-af1d-1f12d17fa89b/-/preview/100x100/-/format/auto/",
            "square": "https://cdn.uc.assets.prezly.com/8da44ff5-6049-4ab2-af1d-1f12d17fa89b/-/scale_crop/200x200/center/-/format/auto/",
            "squaresmall": "https://cdn.uc.assets.prezly.com/8da44ff5-6049-4ab2-af1d-1f12d17fa89b/-/scale_crop/58x58/center/-/format/auto/"
        }
    ],
    "links": [
        {
            "description": null,
            "url": "https://pieterpaulver.wordpress.com/"
        }
    ],
    "contacts": [
        {
            "name": "Lies Feron",
            "company": null,
            "description": "Persrelaties Vrije Universiteit Brussel",
            "email": "lies.feron@vub.be",
            "website": "http://vub.ac.be",
            "address": null,
            "telephone": "02 629 11 38",
            "mobile": "0484 59 05 50",
            "twitter": null,
            "facebook": null
        }
    ],
    "author": {
        "first_name": "Lies",
        "last_name": "Feron"
    },
    "format_version": 1
}