{
    "title": "Augmentation du risque d'avalanches de glace en raison du changement climatique",
    "modified_at": "2026-03-30 09:38:31",
    "published_at": "2026-03-30 12:32:00",
    "url": "https://press.vub.ac.be/augmentation-du-risque-davalanches-de-glace-en-raison-du-changement-climatique",
    "short_url": "http://prez.ly/lS9d",
    "culture": "fr_BE",
    "language": "FR",
    "subtitle": "Une \u00e9tude men\u00e9e avec des chercheurs de la VUB montre que la pr\u00e9paration peut sauver des vies",
    "slug": "augmentation-du-risque-davalanches-de-glace-en-raison-du-changement-climatique",
    "body": "<p>&nbsp;</p><p>Une nouvelle &eacute;tude internationale publi&eacute;e dans Nature Communications Earth &amp; Environment, dirig&eacute;e par Rayees Ahmed (Indian Institute of Science), montre que la nature catastrophique des grandes avalanches de glace et de rochers d&eacute;pend non seulement de l&#039;ampleur du risque, mais aussi, et surtout, de la pr&eacute;paration et des politiques.</p><p>L&#039;&eacute;tude compare deux &eacute;v&eacute;nements r&eacute;cents : la catastrophe de Chamoli en 2021 dans l&#039;Himalaya indien, qui a tu&eacute; plus de 200 personnes, et l&#039;avalanche de glace et de rochers de 2025 &agrave; Blatten, en Suisse, qui a enseveli la majeure partie du village mais n&#039;a fait qu&#039;une seule victime. Malgr&eacute; des caract&eacute;ristiques physiques similaires, les cons&eacute;quences ont &eacute;t&eacute; radicalement diff&eacute;rentes. En Suisse, une activit&eacute; inhabituelle sur les pentes a &eacute;t&eacute; observ&eacute;e et surveill&eacute;e de pr&egrave;s dans les jours pr&eacute;c&eacute;dant l&#039;effondrement. Les autorit&eacute;s ont d&eacute;ploy&eacute; des radars et d&#039;autres capteurs, confirm&eacute; l&#039;acc&eacute;l&eacute;ration du mouvement de la pente et &eacute;vacu&eacute; environ 300 r&eacute;sidents avant que l&#039;avalanche ne se d&eacute;clenche. En revanche, l&#039;avalanche de Chamoli s&#039;est produite dans une vall&eacute;e recul&eacute;e de l&#039;Himalaya, sans surveillance op&eacute;rationnelle ni syst&egrave;me d&#039;alerte coordonn&eacute;. Les observations par satellite ont montr&eacute; r&eacute;trospectivement qu&#039;il y avait des signes d&#039;instabilit&eacute; des mois avant l&#039;effondrement, mais les signaux n&#039;ont pas &eacute;t&eacute; remarqu&eacute;s ou surveill&eacute;s &agrave; temps.</p><p>L&#039;&eacute;tude montre que le changement climatique accro&icirc;t l&#039;instabilit&eacute; des pentes de haute montagne en raison du recul des glaciers, du d&eacute;gel du perg&eacute;lisol et de l&#039;intensification des pr&eacute;cipitations extr&ecirc;mes. Ces ph&eacute;nom&egrave;nes peuvent rendre plus fr&eacute;quents les dangers qui se succ&egrave;dent.</p><p>&quot;Des &eacute;v&eacute;nements comme celui de Chamoli montrent &agrave; quel point les avalanches de glace et de rochers peuvent &ecirc;tre d&eacute;vastatrices lorsque les syst&egrave;mes d&#039;alerte font d&eacute;faut&quot;, explique le Dr Lander Van Tricht (Vrije Universiteit Brussel / ETH Zurich), coauteur de l&#039;&eacute;tude. &quot;Mais le cas de Blatten montre &eacute;galement que m&ecirc;me de tr&egrave;s grands dangers ne doivent pas n&eacute;cessairement se transformer en catastrophes avec des pertes massives.&quot;</p><p>&quot;Le r&eacute;chauffement climatique d&eacute;stabilise les glaciers et les pentes abruptes des montagnes dans le monde entier&quot;, ajoute M. Van Tricht. Des catastrophes r&eacute;centes, comme l&#039;effondrement du glacier Marmolada dans les Alpes italiennes en 2022, qui a fait 11 morts, illustrent la fa&ccedil;on dont les environnements montagneux en &eacute;volution rapide peuvent provoquer des risques cryosph&eacute;riques soudains et mortels. &quot;Nous ne pouvons pas emp&ecirc;cher les risques de se produire, mais nous pouvons r&eacute;duire consid&eacute;rablement leur impact en surveillant les pentes instables, en r&eacute;agissant aux signaux d&#039;alerte pr&eacute;coce et en veillant &agrave; ce que les communaut&eacute;s sachent comment agir&quot;.</p><p>Les chercheurs estiment que les pays de l&#039;Himalaya peuvent r&eacute;duire consid&eacute;rablement les risques en adoptant des &eacute;l&eacute;ments de l&#039;approche suisse de gestion int&eacute;gr&eacute;e des risques. Il s&#039;agit notamment de combiner la surveillance par satellite avec des capteurs terrestres cibl&eacute;s, d&#039;&eacute;tablir des seuils d&#039;alerte clairs, d&#039;am&eacute;liorer les r&eacute;seaux de communication et de renforcer la pr&eacute;paration des communaut&eacute;s locales.</p><p>&quot;En fin de compte, la diff&eacute;rence entre la catastrophe et la survie ne r&eacute;side pas seulement dans le risque naturel lui-m&ecirc;me&quot;, explique M. Van Tricht. &quot;Il s&#039;agit de savoir si les soci&eacute;t&eacute;s sont pr&eacute;par&eacute;es lorsque les signes d&#039;alerte apparaissent.</p><p> </p><p><strong>R&eacute;f&eacute;rence</strong>:</p><p><a href=\"https://www.nature.com/articles/s43247-026-03352-y\" target=\"_blank\" rel=\"noreferrer noopener\">https://www.nature.com/articles/s43247-026-03352-y</a></p><hr /><p><strong>Contact</strong></p><p>Lander Van Tricht : <a href=\"mailto:lander.van.tricht@vub.be\">lander.van.tricht@vub.be</a> t&eacute;l. non disponible aupr&egrave;s de la r&eacute;daction</p><div class=\"release-content-contact\" id=\"contact-766d53e8-924f-426c-bcee-8baeeb1339bb\">\n    <div class=\"release-content-contact__avatar\"><img src=\"https://cdn.uc.assets.prezly.com/96e3692f-39a4-433b-b0ee-9008befa578f/-/crop/1117x1118/419,0/-/preview/-/scale_crop/128x128/center/-/format/auto/\" alt=\"Koen Stein\" class=\"release-content-contact__avatar-image\" /></div>\n    <div class=\"release-content-contact__details\">\n        <strong class=\"release-content-contact__name\">Koen Stein</strong>\n        <em class=\"release-content-contact__description\">Perscontact wetenschap &amp; onderzoek</em>\n        <ul class=\"release-content-contact__details-list\"><li class=\"release-content-contact__details-list-item\"><a href=\"mailto:koen.stein@vub.be\"  class=\"release-content-contact__details-list-item-link\" title=\"koen.stein@vub.be\"><svg class=\"icon icon-paper-plane release-content-contact__details-list-item-icon\">\n                <use xlink:href=\"#icon-paper-plane\"></use>\n            </svg>koen.stein@vub.be</a></li>\n<li class=\"release-content-contact__details-list-item\"><a href=\"tel:+32 (0)471517909\"  class=\"release-content-contact__details-list-item-link\" title=\"+32 (0)471517909\"><svg class=\"icon icon-mobile release-content-contact__details-list-item-icon\">\n                <use xlink:href=\"#icon-mobile\"></use>\n            </svg>+32 (0)471517909</a></li>\n<li class=\"release-content-contact__details-list-item\"><a href=\"https://vub.be\" target=\"_blank\" rel=\"noopener noreferrer\" class=\"release-content-contact__details-list-item-link\" title=\"vub.be\"><svg class=\"icon icon-browser release-content-contact__details-list-item-icon\">\n                <use xlink:href=\"#icon-browser\"></use>\n            </svg>vub.be</a></li></ul>\n    </div>\n</div><p>&nbsp;</p>",
    "mainvisual": {
        "thumbnail": "https://cdn.uc.assets.prezly.com/b84b0fae-d83b-4eb6-9224-16d79d8fc475/-/scale_crop/250x250/center/-/format/auto/",
        "large": "https://cdn.uc.assets.prezly.com/b84b0fae-d83b-4eb6-9224-16d79d8fc475/-/preview/500x500/-/format/auto/",
        "original": "https://cdn.uc.assets.prezly.com/b84b0fae-d83b-4eb6-9224-16d79d8fc475/"
    },
    "header": {
        "large": "https://cdn.uc.assets.prezly.com/63a8d340-8fb2-4e0d-8b59-d9c3da28fc92/-/preview/1200x1200/-/format/auto/",
        "release": "https://cdn.uc.assets.prezly.com/63a8d340-8fb2-4e0d-8b59-d9c3da28fc92/-/preview/1200x1200/-/format/auto/"
    },
    "contacts": [
        {
            "name": "Koen Stein",
            "company": null,
            "description": "Perscontact wetenschap & onderzoek",
            "email": "koen.stein@vub.be",
            "website": "https://vub.be",
            "address": null,
            "telephone": null,
            "mobile": "+32 (0)471517909",
            "twitter": null,
            "facebook": null
        }
    ],
    "author": {
        "first_name": "Koen",
        "last_name": "Stein"
    },
    "format_version": 5
}