{
    "title": "Allez-vous vivre une vie sans pr\u00e9c\u00e9dent ?\u00a0",
    "modified_at": "2025-05-07 17:00:02",
    "published_at": "2025-05-07 17:00:00",
    "url": "https://press.vub.ac.be/allez-vous-vivre-une-vie-sans-precedent",
    "short_url": "http://prez.ly/B5kd",
    "culture": "fr_BE",
    "language": "FR",
    "subtitle": "Une nouvelle \u00e9tude publi\u00e9e dans Nature r\u00e9v\u00e8le que les jeunes vuln\u00e9rables d'aujourd'hui seront les plus touch\u00e9s par l\u2019augmentation continuelle des \u00e9missions de gaz \u00e0 effet de serre.\u00a0\u00a0",
    "slug": "allez-vous-vivre-une-vie-sans-precedent",
    "body": "<p>Les recherches men&eacute;es par des climatologues de la Vrije Universiteit Brussel (VUB) r&eacute;v&egrave;lent que des millions de jeunes d&#039;aujourd&#039;hui vivront une exposition sans pr&eacute;c&eacute;dent aux vagues de chaleur, aux mauvaises r&eacute;coltes, aux inondations fluviales, aux s&eacute;cheresses, aux incendies dans les for&ecirc;ts et les zones naturelles et aux cyclones tropicaux au cours de leur vie dans le cadre des politiques climatiques actuelles. Si les temp&eacute;ratures mondiales augmentent de 3,5 &deg;C d&#039;ici &agrave; 2100, 92 % des enfants n&eacute;s en 2020 conna&icirc;tront une exposition sans pr&eacute;c&eacute;dent aux vagues de chaleur au cours de leur vie, ce qui concernera 111 millions d&#039;enfants. Le respect de l&#039;objectif de 1,5 &deg;C de l&#039;Accord de Paris pourrait prot&eacute;ger 49 millions d&#039;enfants de ce risque. Si l&#039;on prend en compte tous les enfants &acirc;g&eacute;s de 5 &agrave; 18 ans aujourd&#039;hui, on arrive &agrave; un total de 1,5 milliard d&#039;enfants touch&eacute;s dans le cadre d&#039;un sc&eacute;nario &agrave; 3,5 &deg;C, alors que 654 millions d&#039;enfants peuvent &ecirc;tre prot&eacute;g&eacute;s en restant en dessous du seuil de 1,5 &deg;C. L&#039;&eacute;tude souligne &eacute;galement que les enfants tr&egrave;s vuln&eacute;rables sur le plan socio-&eacute;conomique sont encore plus susceptibles d&#039;&ecirc;tre expos&eacute;s &agrave; des extr&ecirc;mes climatiques sans pr&eacute;c&eacute;dent au cours de leur vie. Il est urgent de r&eacute;duire consid&eacute;rablement les &eacute;missions de gaz &agrave; effet de serre pour pr&eacute;server la vie des enfants du monde entier.&nbsp;</p><p>&nbsp;</p><p><strong>Le fardeau disproportionn&eacute; du changement climatique sur les jeunes</strong>&nbsp;</p><p>Les extr&ecirc;mes climatiques, notamment les vagues de chaleur, les mauvaises r&eacute;coltes, les inondations fluviales, les cyclones tropicaux, les incendies dans les for&ecirc;ts et les zones naturelles et les s&eacute;cheresses, s&#039;intensifieront avec la poursuite du r&eacute;chauffement de l&#039;atmosph&egrave;re. Les enfants d&#039;aujourd&#039;hui subiront plus d&#039;extr&ecirc;mes climatiques que n&#039;importe quelle g&eacute;n&eacute;ration pr&eacute;c&eacute;dente.&nbsp;&nbsp;</p><p>&quot;En 2021, nous avons d&eacute;montr&eacute; que les enfants seront confront&eacute;s &agrave; une augmentation disproportionn&eacute;e de l&#039;exposition aux &eacute;v&eacute;nements extr&ecirc;mes, en particulier dans les pays &agrave; faible revenu. Aujourd&#039;hui, nous avons examin&eacute; les cas o&ugrave; l&#039;exposition cumul&eacute;e aux extr&ecirc;mes climatiques tout au long de la vie d&#039;une personne d&eacute;passera de loin celle qu&#039;elle aurait subie dans un climat pr&eacute;industriel&quot;, explique Wim Thiery, professeur de sciences du climat &agrave; la VUB et coordinateur de l&#039;&eacute;tude.&nbsp;</p><p>&laquo; Dans cette nouvelle &eacute;tude, vivre une vie sans pr&eacute;c&eacute;dent signifie qu&#039;en l&#039;absence de changement climatique, on aurait moins d&#039;une chance sur 10 000 de conna&icirc;tre autant d&#039;extr&ecirc;mes climatiques au cours de sa vie &raquo;, explique Luke Grant, auteur principal et climatologue &agrave; la VUB et &agrave; Environment and Climate Change Canada (ECCC). &quot;Il s&#039;agit d&#039;un seuil strict qui permet d&#039;identifier les populations confront&eacute;es &agrave; des extr&ecirc;mes climatiques bien plus importants que ceux auxquels on pourrait s&#039;attendre en l&#039;absence de changement climatique d&#039;origine humaine. Le seuil varie en fonction du lieu et du type d&#039;extr&ecirc;me climatique.&nbsp;</p><p>En combinant les donn&eacute;es d&eacute;mographiques et les projections des mod&egrave;les climatiques sur les extr&ecirc;mes climatiques pour chaque endroit de la plan&egrave;te, les chercheurs ont calcul&eacute; le pourcentage de chaque g&eacute;n&eacute;ration n&eacute;e entre 1960 et 2020 qui sera confront&eacute;e &agrave; une exposition sans pr&eacute;c&eacute;dent aux extr&ecirc;mes climatiques au cours de sa vie (voir la figure 1).&nbsp;</p><p>&nbsp;</p>\n    <figure\n        class=\"release-content-image release-content-image--contained release-content-image--align-center\"\n        data-component=\"image-zoom-popup\"\n        data-image-zoom-popup-selector=\".release-content-image__image\"\n        data-image-zoom-popup-i18n=\"data:application/json;base64,eyJEb3dubG9hZCI6IkRvd25sb2FkIn0=\"\n        data-image-zoom-popup-tracking-views-event=\"Story Image View\"\n        data-image-zoom-popup-tracking-download-event=\"Story Image Download\"\n        data-image-zoom-popup-placement=\"content\"\n    >\n        <div class=\"image-thumbnail-rollover\" style=\"width: 100%\">\n            <img\n                src=\"https://cdn.uc.assets.prezly.com/d51a1c78-cf91-40a4-a96b-8e54ba20f2af/-/resize/1200x/-/format/auto/\"\n                                class=\"release-content-image__image image-thumbnail-rollover__image\"\n                data-description=\"&lt;strong&gt;Figure 1 : Vivre une vie sans pr&amp;eacute;c&amp;eacute;dent - une illustration. La figure montre le nombre cumul&amp;eacute; de vagues de chaleur subies depuis la naissance par les enfants n&amp;eacute;s &amp;agrave; Bruxelles, en Belgique, en 2020, dans le cadre de trois sc&amp;eacute;narios de changement climatique pr&amp;eacute;voyant un r&amp;eacute;chauffement de la plan&amp;egrave;te de 1,5 &amp;deg;C (bleu), 2,5 &amp;deg;C (orange) et 3,5 &amp;deg;C (rouge) d&amp;#039;ici &amp;agrave; 2100, respectivement. Le seuil d&amp;#039;exposition sans pr&amp;eacute;c&amp;eacute;dent (ligne grise en pointill&amp;eacute;s) est largement d&amp;eacute;pass&amp;eacute;, ce qui signifie que les enfants de cette r&amp;eacute;gion seront expos&amp;eacute;s &amp;agrave; une vague de chaleur sans pr&amp;eacute;c&amp;eacute;dent tout au long de leur vie, quel que soit le sc&amp;eacute;nario.&lt;/strong&gt;&lt;em&gt;&lt;strong&gt; &amp;copy; Grant et al., 2025, Nature&lt;/strong&gt;&lt;/em&gt;&amp;nbsp;\"\n                id=\"image-d51a1c78-cf91-40a4-a96b-8e54ba20f2af\"\n                data-id=\"d51a1c78-cf91-40a4-a96b-8e54ba20f2af\"\n                data-original=\"https://cdn.uc.assets.prezly.com/d51a1c78-cf91-40a4-a96b-8e54ba20f2af/-/inline/no/Untitled\"\n                data-mfp-src=\"https://cdn.uc.assets.prezly.com/d51a1c78-cf91-40a4-a96b-8e54ba20f2af/-/resize/1200x/-/format/auto/\"\n                alt=\"Figure 1 : Vivre une vie sans pr\u00e9c\u00e9dent - une illustration. La figure montre le nombre cumul\u00e9 de vagues de chaleur subies depuis la naissance par les enfants n\u00e9s \u00e0 Bruxelles, en Belgique, en 2020, dans le cadre de trois sc\u00e9narios de changement climatique pr\u00e9voyant un r\u00e9chauffement de la plan\u00e8te de 1,5 \u00b0C (bleu), 2,5 \u00b0C (orange) et 3,5 \u00b0C (rouge) d'ici \u00e0 2100, respectivement. Le seuil d'exposition sans pr\u00e9c\u00e9dent (ligne grise en pointill\u00e9s) est largement d\u00e9pass\u00e9, ce qui signifie que les enfants de cette r\u00e9gion seront expos\u00e9s \u00e0 une vague de chaleur sans pr\u00e9c\u00e9dent tout au long de leur vie, quel que soit le sc\u00e9nario.  \u00a9 Grant et al., 2025, Nature \u00a0\"\n            />\n            <div class=\"image-thumbnail-rollover__caption\">\n                <svg class=\"icon icon-expand image-thumbnail-rollover__caption-icon\">\n                <use xlink:href=\"#icon-expand\"></use>\n            </svg>            </div>\n        </div>\n\n        <figcaption class=\"release-content-image__caption\"><strong>Figure 1 : Vivre une vie sans pr&eacute;c&eacute;dent - une illustration. La figure montre le nombre cumul&eacute; de vagues de chaleur subies depuis la naissance par les enfants n&eacute;s &agrave; Bruxelles, en Belgique, en 2020, dans le cadre de trois sc&eacute;narios de changement climatique pr&eacute;voyant un r&eacute;chauffement de la plan&egrave;te de 1,5 &deg;C (bleu), 2,5 &deg;C (orange) et 3,5 &deg;C (rouge) d&#039;ici &agrave; 2100, respectivement. Le seuil d&#039;exposition sans pr&eacute;c&eacute;dent (ligne grise en pointill&eacute;s) est largement d&eacute;pass&eacute;, ce qui signifie que les enfants de cette r&eacute;gion seront expos&eacute;s &agrave; une vague de chaleur sans pr&eacute;c&eacute;dent tout au long de leur vie, quel que soit le sc&eacute;nario.</strong><em><strong> &copy; Grant et al., 2025, Nature</strong></em>&nbsp;</figcaption>\n    </figure>\n<p>&nbsp;</p><p><strong>L&#039;impact du changement climatique sur les g&eacute;n&eacute;rations</strong>&nbsp;</p><p>Plus une personne est jeune, plus elle risque d&#039;&ecirc;tre expos&eacute;e &agrave; des extr&ecirc;mes climatiques sans pr&eacute;c&eacute;dent. M&ecirc;me si nous parvenons &agrave; limiter le r&eacute;chauffement climatique &agrave; 1,5 &deg;C, 52 % des enfants n&eacute;s en 2020 seront expos&eacute;s &agrave; des vagues de chaleur sans pr&eacute;c&eacute;dent, contre seulement 16 % de ceux n&eacute;s en 1960. En ce qui concerne les vagues de chaleur, l&#039;effet est particuli&egrave;rement prononc&eacute; pour les enfants n&eacute;s apr&egrave;s 1980, alors que les sc&eacute;narios de changement climatique d&eacute;terminent de plus en plus les niveaux d&#039;exposition.&nbsp;</p><p>&quot;En stabilisant notre climat &agrave; environ 1,5 &deg;C au-dessus des temp&eacute;ratures pr&eacute;industrielles, environ la moiti&eacute; des jeunes d&#039;aujourd&#039;hui seront expos&eacute;s &agrave; un nombre sans pr&eacute;c&eacute;dent de vagues de chaleur au cours de leur vie. Dans un sc&eacute;nario &agrave; 3,5 &deg;C, plus de 90 % d&#039;entre eux subiront une telle exposition tout au long de leur vie&quot;, pr&eacute;vient Grant. &quot;Le m&ecirc;me tableau se dessine pour les autres extr&ecirc;mes climatiques examin&eacute;s, bien que les fractions touch&eacute;es de la population soient l&eacute;g&egrave;rement inf&eacute;rieures. Pourtant, on observe les m&ecirc;mes diff&eacute;rences g&eacute;n&eacute;rationnelles injustes dans l&#039;exposition sans pr&eacute;c&eacute;dent&quot;. Les enfants des pays tropicaux seront les plus durement touch&eacute;s dans le cadre d&#039;un sc&eacute;nario &agrave; 1,5 &deg;C. Cependant, dans les sc&eacute;narios &agrave; fortes &eacute;missions, presque tous les enfants du monde entier risquent de vivre une vie sans pr&eacute;c&eacute;dent (voir figure 2).</p><p>&nbsp;</p>\n    <figure\n        class=\"release-content-image release-content-image--contained release-content-image--align-center\"\n        data-component=\"image-zoom-popup\"\n        data-image-zoom-popup-selector=\".release-content-image__image\"\n        data-image-zoom-popup-i18n=\"data:application/json;base64,eyJEb3dubG9hZCI6IkRvd25sb2FkIn0=\"\n        data-image-zoom-popup-tracking-views-event=\"Story Image View\"\n        data-image-zoom-popup-tracking-download-event=\"Story Image Download\"\n        data-image-zoom-popup-placement=\"content\"\n    >\n        <div class=\"image-thumbnail-rollover\" style=\"width: 100%\">\n            <img\n                src=\"https://cdn.uc.assets.prezly.com/b90fa441-e19f-453c-8484-c6cfaa93ea0c/-/format/auto/\"\n                                class=\"release-content-image__image image-thumbnail-rollover__image\"\n                data-description=\"&lt;strong&gt;Figure 2 : Les enfants des pays tropicaux sont relativement moins bien lotis dans le cadre de sc&amp;eacute;narios climatiques ambitieux, tandis que presque tous les enfants du monde seront expos&amp;eacute;s &amp;agrave; des vagues de chaleur sans pr&amp;eacute;c&amp;eacute;dent au cours de leur vie dans le cadre de sc&amp;eacute;narios de r&amp;eacute;chauffement &amp;eacute;lev&amp;eacute;. &lt;/strong&gt;&lt;em&gt;&lt;strong&gt;&amp;copy; Grant et al., 2025, Nature&lt;/strong&gt;&lt;/em&gt;&amp;nbsp;\"\n                id=\"image-b90fa441-e19f-453c-8484-c6cfaa93ea0c\"\n                data-id=\"b90fa441-e19f-453c-8484-c6cfaa93ea0c\"\n                data-original=\"https://cdn.uc.assets.prezly.com/b90fa441-e19f-453c-8484-c6cfaa93ea0c/-/inline/no/Untitled\"\n                data-mfp-src=\"https://cdn.uc.assets.prezly.com/b90fa441-e19f-453c-8484-c6cfaa93ea0c/-/format/auto/\"\n                alt=\"Figure 2 : Les enfants des pays tropicaux sont relativement moins bien lotis dans le cadre de sc\u00e9narios climatiques ambitieux, tandis que presque tous les enfants du monde seront expos\u00e9s \u00e0 des vagues de chaleur sans pr\u00e9c\u00e9dent au cours de leur vie dans le cadre de sc\u00e9narios de r\u00e9chauffement \u00e9lev\u00e9.  \u00a9 Grant et al., 2025, Nature \u00a0\"\n            />\n            <div class=\"image-thumbnail-rollover__caption\">\n                <svg class=\"icon icon-expand image-thumbnail-rollover__caption-icon\">\n                <use xlink:href=\"#icon-expand\"></use>\n            </svg>            </div>\n        </div>\n\n        <figcaption class=\"release-content-image__caption\"><strong>Figure 2 : Les enfants des pays tropicaux sont relativement moins bien lotis dans le cadre de sc&eacute;narios climatiques ambitieux, tandis que presque tous les enfants du monde seront expos&eacute;s &agrave; des vagues de chaleur sans pr&eacute;c&eacute;dent au cours de leur vie dans le cadre de sc&eacute;narios de r&eacute;chauffement &eacute;lev&eacute;. </strong><em><strong>&copy; Grant et al., 2025, Nature</strong></em>&nbsp;</figcaption>\n    </figure>\n<p>&nbsp;</p><p><strong>Vuln&eacute;rabilit&eacute; climatique et injustice sociale</strong>&nbsp;</p><p>L&#039;&eacute;tude met &eacute;galement en &eacute;vidence l&#039;injustice sociale du changement climatique et de ses impacts. Dans le cadre des politiques climatiques actuelles, les enfants les plus vuln&eacute;rables sur le plan socio-&eacute;conomique qui na&icirc;tront en 2020 subiront presque tous (95%) une exposition sans pr&eacute;c&eacute;dent aux vagues de chaleur au cours de leur vie, contre 78% pour le groupe le moins vuln&eacute;rable. &quot;Ce sont pr&eacute;cis&eacute;ment les enfants les plus vuln&eacute;rables qui subissent la pire escalade des extr&ecirc;mes climatiques. Avec des ressources et des options d&#039;adaptation limit&eacute;es, ils sont confront&eacute;s &agrave; des risques disproportionn&eacute;s&quot;, d&eacute;clare Thiery.&nbsp;</p><p>&nbsp;</p><p><strong>L&#039;urgence d&#039;une action mondiale en faveur du climat</strong>&nbsp;</p><p>&Agrave; l&#039;approche de la COP30 au Br&eacute;sil, les pays doivent pr&eacute;senter des engagements actualis&eacute;s en mati&egrave;re de climat. Selon les politiques actuelles, le r&eacute;chauffement de la plan&egrave;te atteindrait environ 2,7 &deg;C au cours de ce si&egrave;cle. Cette &eacute;tude et le rapport associ&eacute; de Save the Children soulignent l&#039;urgence de maintenir le r&eacute;chauffement climatique en dessous de 1,5 &deg;C pour les enfants d&#039;aujourd&#039;hui et de demain.&nbsp;</p><p>Inger Ashing, CEO de Save the Children International, a d&eacute;clar&eacute; : &quot;Dans le monde entier, les enfants sont contraints de supporter le poids d&#039;une crise dont ils ne sont pas responsables. Une chaleur dangereuse qui met en p&eacute;ril leur sant&eacute; et leur apprentissage ; des cyclones qui s&#039;abattent sur leurs maisons et leurs &eacute;coles ; des s&eacute;cheresses rampantes qui ratatinent les r&eacute;coltes et r&eacute;duisent le contenu de leurs assiettes. Au milieu de ces d&eacute;sastres quotidiens, les enfants nous supplient de ne pas nous d&eacute;connecter. Cette nouvelle &eacute;tude montre qu&#039;il y a encore de l&#039;espoir, mais seulement si nous agissons de mani&egrave;re urgente et ambitieuse pour limiter rapidement le r&eacute;chauffement des temp&eacute;ratures &agrave; 1,5 &deg;C, et si nous pla&ccedil;ons r&eacute;ellement les enfants au centre de notre r&eacute;ponse au changement climatique.&nbsp;&nbsp;</p><p>&laquo; Alors que les &eacute;missions mondiales continuent d&#039;augmenter et que la plan&egrave;te n&#039;est plus qu&#039;&agrave; 0,2 &deg;C du seuil de 1,5 &deg;C, les dirigeants mondiaux doivent agir pour r&eacute;duire les &eacute;missions de gaz &agrave; effet de serre et all&eacute;ger le fardeau climatique qui p&egrave;se sur les jeunes d&#039;aujourd&#039;hui &raquo;, conclut Thiery.</p><p>&nbsp;</p><p><strong>Chiffres en br&egrave;f</strong></p><p><em>Les chiffres pr&eacute;sent&eacute;s dans la nouvelle &eacute;tude publi&eacute;e dans Nature portent sur une seule cohorte de naissance : les enfants n&eacute;s en 2020. Les extr&ecirc;mes climatiques affecteront toutes les g&eacute;n&eacute;rations, mais surtout les jeunes. C&#039;est pourquoi ci-dessous sont pr&eacute;sent&eacute;s des chiffres qui tiennent compte de tous les enfants &acirc;g&eacute;s de 5 &agrave; 18 ans aujourd&#039;hui, ce qui repr&eacute;sente une population totale de 1,69 milliard d&#039;enfants.</em>&nbsp;</p><p>&nbsp;</p><p><em>Vagues de chaleur&nbsp;</em></p><p>Dans un sc&eacute;nario de changement climatique pr&eacute;voyant un r&eacute;chauffement de la plan&egrave;te de 1.5 &deg;C, 855 millions d&rsquo;enfants &acirc;g&eacute;s de 5 &agrave; 18 ans en 2025 conna&icirc;tront une exposition sans pr&eacute;c&eacute;dent aux vagues de chaleur au cours de leur vie.&nbsp;</p><p>Dans un sc&eacute;nario de changement climatique pr&eacute;voyant un r&eacute;chauffement de la plan&egrave;te de 2.7 &deg;C, 1353 millions d&rsquo;enfants &acirc;g&eacute;s de 5 &agrave; 18 ans en 2025 conna&icirc;tront une exposition sans pr&eacute;c&eacute;dent aux vagues de chaleur au cours de leur vie.&nbsp;</p><p>Dans un sc&eacute;nario de changement climatique pr&eacute;voyant un r&eacute;chauffement de la plan&egrave;te de 3.5 &deg;C, 1509 million children aged 5-18 in 2025 face unprecedented lifetime exposure&nbsp; to vagues de chaleur au cours de leur vie.&nbsp;</p><p>&nbsp;</p><p><em>Mauvaises r&eacute;coltes&nbsp;</em></p><p>Dans un sc&eacute;nario de changement climatique pr&eacute;voyant un r&eacute;chauffement de la plan&egrave;te de 1.5 &deg;C, 316 millions d&rsquo;enfants &acirc;g&eacute;s de 5 &agrave; 18 ans en 2025 conna&icirc;tront une exposition sans pr&eacute;c&eacute;dent aux mauvaises r&eacute;coltes au cours de leur vie.&nbsp;</p><p>Dans un sc&eacute;nario de changement climatique pr&eacute;voyant un r&eacute;chauffement de la plan&egrave;te de 2.7 &deg;C, 400 millions d&rsquo;enfants &acirc;g&eacute;s de 5 &agrave; 18 ans en 2025 conna&icirc;tront une exposition sans pr&eacute;c&eacute;dent aux mauvaises r&eacute;coltes au cours de leur vie.&nbsp;</p><p>Dans un sc&eacute;nario de changement climatique pr&eacute;voyant un r&eacute;chauffement de la plan&egrave;te de 3.5 &deg;C, 431 millions d&rsquo;enfants &acirc;g&eacute;s de 5 &agrave; 18 ans en 2025 conna&icirc;tront une exposition sans pr&eacute;c&eacute;dent aux mauvaises r&eacute;coltes au cours de leur vie.&nbsp;</p><p>&nbsp;</p><p><em>Incendies dans les for&ecirc;ts et les zones naturelles&nbsp;&nbsp;</em></p><p>Dans un sc&eacute;nario de changement climatique pr&eacute;voyant un r&eacute;chauffement de la plan&egrave;te de 1.5 &deg;C, 119 millions d&rsquo;enfants &acirc;g&eacute;s de 5 &agrave; 18 ans en 2025 conna&icirc;tront une exposition sans pr&eacute;c&eacute;dent aux incendies dans les for&ecirc;ts et les zones naturelles au cours de leur vie.&nbsp;</p><p>Dans un sc&eacute;nario de changement climatique pr&eacute;voyant un r&eacute;chauffement de la plan&egrave;te de 2.7 &deg;C, 134 millions d&rsquo;enfants &acirc;g&eacute;s de 5 &agrave; 18 ans en 2025 conna&icirc;tront une exposition sans pr&eacute;c&eacute;dent aux incendies dans les for&ecirc;ts et les zones naturelles au cours de leur vie.&nbsp;</p><p>Dans un sc&eacute;nario de changement climatique pr&eacute;voyant un r&eacute;chauffement de la plan&egrave;te de 3.5 &deg;C, 147 millions d&rsquo;enfants &acirc;g&eacute;s de 5 &agrave; 18 ans en 2025 conna&icirc;tront une exposition sans pr&eacute;c&eacute;dent aux incendies dans les for&ecirc;ts et les zones naturelles au cours de leur vie.&nbsp;</p><p>&nbsp;</p><p><em>S&eacute;cheresses&nbsp;</em></p><p>Dans un sc&eacute;nario de changement climatique pr&eacute;voyant un r&eacute;chauffement de la plan&egrave;te de 1.5 &deg;C, 89 millions d&rsquo;enfants &acirc;g&eacute;s de 5 &agrave; 18 ans en 2025 conna&icirc;tront une exposition sans pr&eacute;c&eacute;dent aux s&eacute;cheresses au cours de leur vie.&nbsp;</p><p>Dans un sc&eacute;nario de changement climatique pr&eacute;voyant un r&eacute;chauffement de la plan&egrave;te de 2.7 &deg;C, 111 millions d&rsquo;enfants &acirc;g&eacute;s de 5 &agrave; 18 ans en 2025 conna&icirc;tront une exposition sans pr&eacute;c&eacute;dent aux s&eacute;cheresses au cours de leur vie.&nbsp;</p><p>Dans un sc&eacute;nario de changement climatique pr&eacute;voyant un r&eacute;chauffement de la plan&egrave;te de 3.5 &deg;C, 116 millions d&rsquo;enfants &acirc;g&eacute;s de 5 &agrave; 18 ans en 2025 conna&icirc;tront une exposition sans pr&eacute;c&eacute;dent aux s&eacute;cheresses au cours de leur vie.&nbsp;</p><p>&nbsp;</p><p><em>Inondations fluviales&nbsp;</em></p><p>Dans un sc&eacute;nario de changement climatique pr&eacute;voyant un r&eacute;chauffement de la plan&egrave;te de 1.5 &deg;C, 132 millions d&rsquo;enfants &acirc;g&eacute;s de 5 &agrave; 18 ans en 2025 conna&icirc;tront une exposition sans pr&eacute;c&eacute;dent aux inondations fluviales au cours de leur vie.&nbsp;</p><p>Dans un sc&eacute;nario de changement climatique pr&eacute;voyant un r&eacute;chauffement de la plan&egrave;te de 2.7 &deg;C, 188 millions d&rsquo;enfants &acirc;g&eacute;s de 5 &agrave; 18 ans en 2025 conna&icirc;tront une exposition sans pr&eacute;c&eacute;dent aux inondations fluviales au cours de leur vie.&nbsp;</p><p>Dans un sc&eacute;nario de changement climatique pr&eacute;voyant un r&eacute;chauffement de la plan&egrave;te de 3.5 &deg;C, 191 millions d&rsquo;enfants &acirc;g&eacute;s de 5 &agrave; 18 ans en 2025 conna&icirc;tront une exposition sans pr&eacute;c&eacute;dent aux inondations fluviales au cours de leur vie.&nbsp;</p><p>&nbsp;</p><p><em>Cyclones tropicaux&nbsp;</em></p><p>Dans un sc&eacute;nario de changement climatique pr&eacute;voyant un r&eacute;chauffement de la plan&egrave;te de 1.5 &deg;C, 101 millions d&rsquo;enfants &acirc;g&eacute;s de 5 &agrave; 18 ans en 2025 conna&icirc;tront une exposition sans pr&eacute;c&eacute;dent aux cyclones tropicaux au cours de leur vie.&nbsp;</p><p>Dans un sc&eacute;nario de changement climatique pr&eacute;voyant un r&eacute;chauffement de la plan&egrave;te de 2.7 &deg;C, 163 millions d&rsquo;enfants &acirc;g&eacute;s de 5 &agrave; 18 ans en 2025 conna&icirc;tront une exposition sans pr&eacute;c&eacute;dent cyclones tropicaux au cours de leur vie.&nbsp;</p><p>Dans un sc&eacute;nario de changement climatique pr&eacute;voyant un r&eacute;chauffement de la plan&egrave;te de 3.5 &deg;C, 163 millions d&rsquo;enfants &acirc;g&eacute;s de 5 &agrave; 18 ans en 2025 conna&icirc;tront une exposition sans pr&eacute;c&eacute;dent aux cyclones tropicaux au cours de leur vie.&nbsp;</p><p>&nbsp;</p><p><strong>R&eacute;f&eacute;rences:</strong></p><p> Publicatie in Nature: https://www.nature.com/articles/s41586-025-08907-1</p><p>Save The Children Report: <a href=\"https://resourcecentre.savethechildren.net/document/born-into-the-climate-crisis-2-an-unprecedented-life-protecting-childrens-rights/\">https://resourcecentre.savethechildren.net/document/born-into-the-climate-crisis-2-an-unprecedented-life-protecting-childrens-rights/</a></p><hr /><p><strong>Contact</strong></p><p>Prof. Dr. Wim Thiery: </p><p> \u200b \u200b \u200b \u200b \u200b \u200b wim.thiery@vub.be </p><p> \u200b \u200b \u200b \u200b \u200b \u200b https://bsky.app/profile/wimthiery.bsky.social </p><p> \u200b \u200b \u200b \u200b \u200b \u200b +32 2 629 30 29</p><p>Dr. Marie Cavitte:</p><p> \u200b \u200b \u200b \u200b \u200b marie.cavitte@vub.be </p><p> \u200b \u200b \u200b \u200b \u200b +32 470 19 24 15</p><p>&nbsp;</p><p>L&#039;&eacute;tude a &eacute;t&eacute; r&eacute;alis&eacute;e par des chercheurs de la Vrije Universiteit Brussel (VUB), Environment and Climate Change Canada, KU Leuven, de l&#039;Institut Royal M&eacute;t&eacute;orologique de Belgique (RMI), et de l&rsquo;ETH Zurich.</p><p>&nbsp;</p><div class=\"release-content-contact\" id=\"contact-ba4d8b13-6333-4ca3-96e5-854767a6ae5f\">\n    <div class=\"release-content-contact__avatar\"><img src=\"https://cdn.uc.assets.prezly.com/96e3692f-39a4-433b-b0ee-9008befa578f/-/crop/1117x1118/419,0/-/preview/-/scale_crop/128x128/center/-/format/auto/\" alt=\"Koen Stein\" class=\"release-content-contact__avatar-image\" /></div>\n    <div class=\"release-content-contact__details\">\n        <strong class=\"release-content-contact__name\">Koen Stein</strong>\n        <em class=\"release-content-contact__description\">Perscontact wetenschap &amp; onderzoek</em>\n        <ul class=\"release-content-contact__details-list\"><li class=\"release-content-contact__details-list-item\"><a href=\"mailto:koen.stein@vub.be\"  class=\"release-content-contact__details-list-item-link\" title=\"koen.stein@vub.be\"><svg class=\"icon icon-paper-plane release-content-contact__details-list-item-icon\">\n                <use xlink:href=\"#icon-paper-plane\"></use>\n            </svg>koen.stein@vub.be</a></li>\n<li class=\"release-content-contact__details-list-item\"><a href=\"tel:+32 (0)471517909\"  class=\"release-content-contact__details-list-item-link\" title=\"+32 (0)471517909\"><svg class=\"icon icon-mobile release-content-contact__details-list-item-icon\">\n                <use xlink:href=\"#icon-mobile\"></use>\n            </svg>+32 (0)471517909</a></li>\n<li class=\"release-content-contact__details-list-item\"><a href=\"https://vub.be\" target=\"_blank\" rel=\"noopener noreferrer\" class=\"release-content-contact__details-list-item-link\" title=\"vub.be\"><svg class=\"icon icon-browser release-content-contact__details-list-item-icon\">\n                <use xlink:href=\"#icon-browser\"></use>\n            </svg>vub.be</a></li></ul>\n    </div>\n</div>",
    "mainvisual": {
        "thumbnail": "https://cdn.uc.assets.prezly.com/2c7f415b-61cc-43ef-955f-fd1ffcf97064/-/crop/354x199/36,0/-/preview/-/scale_crop/250x250/center/-/format/auto/",
        "large": "https://cdn.uc.assets.prezly.com/2c7f415b-61cc-43ef-955f-fd1ffcf97064/-/crop/354x199/36,0/-/preview/-/format/auto/",
        "original": "https://cdn.uc.assets.prezly.com/2c7f415b-61cc-43ef-955f-fd1ffcf97064/-/crop/354x199/36,0/-/preview/"
    },
    "header": {
        "large": "https://cdn.uc.assets.prezly.com/edee7f8b-d230-469c-b742-74bb2d69afa2/-/preview/1200x1200/-/format/auto/",
        "release": "https://cdn.uc.assets.prezly.com/edee7f8b-d230-469c-b742-74bb2d69afa2/-/preview/1200x1200/-/format/auto/"
    },
    "images": [
        {
            "caption": "Figure 1 : Vivre une vie sans pr\u00e9c\u00e9dent - une illustration. La figure montre le nombre cumul\u00e9 de vagues de chaleur subies depuis la naissance par les enfants n\u00e9s \u00e0 Bruxelles, en Belgique, en 2020, dans le cadre de trois sc\u00e9narios de changement climatique pr\u00e9voyant un r\u00e9chauffement de la plan\u00e8te de 1,5 \u00b0C (bleu), 2,5 \u00b0C (orange) et 3,5 \u00b0C (rouge) d'ici \u00e0 2100, respectivement. Le seuil d'exposition sans pr\u00e9c\u00e9dent (ligne grise en pointill\u00e9s) est largement d\u00e9pass\u00e9, ce qui signifie que les enfants de cette r\u00e9gion seront expos\u00e9s \u00e0 une vague de chaleur sans pr\u00e9c\u00e9dent tout au long de leur vie, quel que soit le sc\u00e9nario.  \u00a9 Grant et al., 2025, Nature \u00a0",
            "original": "https://cdn.uc.assets.prezly.com/d51a1c78-cf91-40a4-a96b-8e54ba20f2af/",
            "medium": "https://cdn.uc.assets.prezly.com/d51a1c78-cf91-40a4-a96b-8e54ba20f2af/-/preview/500x500/-/format/auto/",
            "small": "https://cdn.uc.assets.prezly.com/d51a1c78-cf91-40a4-a96b-8e54ba20f2af/-/preview/200x200/-/format/auto/",
            "thumbnail": "https://cdn.uc.assets.prezly.com/d51a1c78-cf91-40a4-a96b-8e54ba20f2af/-/preview/100x100/-/format/auto/",
            "square": "https://cdn.uc.assets.prezly.com/d51a1c78-cf91-40a4-a96b-8e54ba20f2af/-/scale_crop/200x200/center/-/format/auto/",
            "squaresmall": "https://cdn.uc.assets.prezly.com/d51a1c78-cf91-40a4-a96b-8e54ba20f2af/-/scale_crop/58x58/center/-/format/auto/"
        },
        {
            "caption": "Figure 2 : Les enfants des pays tropicaux sont relativement moins bien lotis dans le cadre de sc\u00e9narios climatiques ambitieux, tandis que presque tous les enfants du monde seront expos\u00e9s \u00e0 des vagues de chaleur sans pr\u00e9c\u00e9dent au cours de leur vie dans le cadre de sc\u00e9narios de r\u00e9chauffement \u00e9lev\u00e9.  \u00a9 Grant et al., 2025, Nature \u00a0",
            "original": "https://cdn.uc.assets.prezly.com/b90fa441-e19f-453c-8484-c6cfaa93ea0c/",
            "medium": "https://cdn.uc.assets.prezly.com/b90fa441-e19f-453c-8484-c6cfaa93ea0c/-/preview/500x500/-/format/auto/",
            "small": "https://cdn.uc.assets.prezly.com/b90fa441-e19f-453c-8484-c6cfaa93ea0c/-/preview/200x200/-/format/auto/",
            "thumbnail": "https://cdn.uc.assets.prezly.com/b90fa441-e19f-453c-8484-c6cfaa93ea0c/-/preview/100x100/-/format/auto/",
            "square": "https://cdn.uc.assets.prezly.com/b90fa441-e19f-453c-8484-c6cfaa93ea0c/-/scale_crop/200x200/center/-/format/auto/",
            "squaresmall": "https://cdn.uc.assets.prezly.com/b90fa441-e19f-453c-8484-c6cfaa93ea0c/-/scale_crop/58x58/center/-/format/auto/"
        }
    ],
    "contacts": [
        {
            "name": "Koen Stein",
            "company": null,
            "description": "Perscontact wetenschap & onderzoek",
            "email": "koen.stein@vub.be",
            "website": "https://vub.be",
            "address": null,
            "telephone": null,
            "mobile": "+32 (0)471517909",
            "twitter": null,
            "facebook": null
        }
    ],
    "author": {
        "first_name": "Koen",
        "last_name": "Stein"
    },
    "format_version": 5
}